{"Signatur": "VD_TC_031", "Spider": "VD_Omni", "Sprache": "fr", "Datum": "2022-12-12", "HTML": {"Datei": "VD_Omni/VD_TC_031_CR-2022-0025_2022-12-12.html", "URL": "http://www.jurisprudence.vd.ch/scripts/nph-omniscgi.exe?OmnisPlatform=WINDOWS&WebServerUrl=&WebServerScript=/scripts/nph-omniscgi.exe&OmnisLibrary=JURISWEB&OmnisClass=rtFindinfoWebHtmlService&OmnisServer=7001&Parametername=WWW_V4&Schema=VD_TA_WEB&Source=search.fiw&Aufruf=getMarkupDocument&cSprache=FRE&nF30_KEY=182024&W10_KEY=10550255&nTrefferzeile=44&Template=search/standard/results/document.fiw", "Checksum": "ef20f5da03b68a1d3141e3dd0d592660"}, "Scrapedate": "2023-01-01", "Num": ["CR.2022.0025"], "Kopfzeile": [{"Sprachen": ["fr", "de", "it"], "Text": "Vaud Tribunal cantonal Cour de droit administratif et public 12.12.2022 CR.2022.0025"}], "Meta": [{"Sprachen": ["de"], "Text": "Waadt  Cour de droit administratif et public"}, {"Sprachen": ["fr"], "Text": "Vaud Tribunal cantonal Cour de droit administratif et public"}, {"Sprachen": ["it"], "Text": "Vaud  Cour de droit administratif et public"}], "Abstract": [{"Sprachen": ["de", "fr", "it"], "Text": "A.________/Service des automobiles et de la navigation | Recours contre la d\u00e9cision sur r\u00e9clamation du SAN confirmant le retrait pr\u00e9ventif du permis de conduire du recourant, \u00e2g\u00e9 de 76 ans.\rEn 2021, le recourant a caus\u00e9 un accident apr\u00e8s avoir perdu la ma\u00eetrise de son v\u00e9hicule. Selon un rapport de consultation neurologique subs\u00e9quent, le recourant, qui a subi un AVC en 2017, pr\u00e9sente une l\u00e9g\u00e8re aggravation de son status neurologique qui justifie d'effectuer des tests neuropsychologiques plus approfondis. \rL'appr\u00e9ciation du SAN, fond\u00e9e sur trois avis m\u00e9dicaux unanimes, selon laquelle il existe de s\u00e9rieux doutes quant \u00e0 l'aptitude \u00e0 la conduite du recourant, ne pr\u00eate le flanc \u00e0 la critique. Il en va de m\u00eame des mesures d'instruction ordonn\u00e9es. Au vu du caract\u00e8re s\u00e9curitaire de la mesure, le besoin professionnel de conduire invoqu\u00e9 n'entre pas en ligne de compte.\rRecours rejet\u00e9.\r"}], "ScrapyJob": "446973/40/2238", "Zeit UTC": "10.04.2026 21:01:08", "Checksum": "91f3df8c2c1ec24b6daa7098e25264ac"}