{"Signatur": "VD_TC_031", "Spider": "VD_Omni", "Sprache": "fr", "Datum": "2023-04-05", "HTML": {"Datei": "VD_Omni/VD_TC_031_CR-2022-0038_2023-04-05.html", "URL": "http://www.jurisprudence.vd.ch/scripts/nph-omniscgi.exe?OmnisPlatform=WINDOWS&WebServerUrl=&WebServerScript=/scripts/nph-omniscgi.exe&OmnisLibrary=JURISWEB&OmnisClass=rtFindinfoWebHtmlService&OmnisServer=7001&Parametername=WWW_V4&Schema=VD_TA_WEB&Source=search.fiw&Aufruf=getMarkupDocument&cSprache=FRE&nF30_KEY=182368&W10_KEY=10550255&nTrefferzeile=7&Template=search/standard/results/document.fiw", "Checksum": "8d12333e63b4c2858f041c4376a74bb8"}, "Scrapedate": "2023-01-01", "Num": ["CR.2022.0038"], "Kopfzeile": [{"Sprachen": ["fr", "de", "it"], "Text": "Vaud Tribunal cantonal Cour de droit administratif et public 05.04.2023 CR.2022.0038"}], "Meta": [{"Sprachen": ["de"], "Text": "Waadt  Cour de droit administratif et public"}, {"Sprachen": ["fr"], "Text": "Vaud Tribunal cantonal Cour de droit administratif et public"}, {"Sprachen": ["it"], "Text": "Vaud  Cour de droit administratif et public"}], "Abstract": [{"Sprachen": ["de", "fr", "it"], "Text": "A.________/Service des automobiles et de la navigation | Sur plusieurs ann\u00e9es, la recourante, qui exploite un garage, a fait ou tol\u00e9r\u00e9 \u00e0 plusieurs reprises un usage abusif des permis de circulation collectifs et des plaques professionnelles qui lui ont \u00e9t\u00e9 d\u00e9livr\u00e9s. Deux avertissements successifs lui ont \u00e9t\u00e9 notifi\u00e9s en 2019 et en 2020, \u00e0 la suite de la pr\u00e9sentation au contr\u00f4le technique d'un v\u00e9hicule ne r\u00e9pondant pas aux prescriptions et pr\u00e9sentant des d\u00e9fauts majeurs. Moins de deux ans plus tard, il s\u2019est av\u00e9r\u00e9 que les plaques professionnelles d\u00e9livr\u00e9es \u00e0 la recourante avaient \u00e9t\u00e9 appos\u00e9es sur un v\u00e9hicule qui circulait sur la voie publique en d\u00e9pit de d\u00e9fauts techniques majeurs. A cela s'ajoute que durant l\u2019ann\u00e9e 2022, la recourante a pr\u00e9sent\u00e9 plusieurs v\u00e9hicules d\u00e9fectueux au contr\u00f4le technique. Les conditions de la d\u00e9livrance des deux permis ne sont, d\u00e8s lors, plus r\u00e9alis\u00e9es. La d\u00e9cision de retrait des plaques professionnelles pour une dur\u00e9e ind\u00e9termin\u00e9e, au minimum douze mois, assortie de l'obligation, \u00e0 l'appui d'une nouvelle demande, de pr\u00e9senter cinquante rapports de contr\u00f4les techniques de v\u00e9hicules conformes lors de la premi\u00e8re pr\u00e9sentation, ne viole pas la libert\u00e9 \u00e9conomique de la recourante et n'appara\u00eet pas disproportionn\u00e9e. Rejet du recours."}], "ScrapyJob": "446973/40/2238", "Zeit UTC": "10.04.2026 20:58:48", "Checksum": "3e1ce41146f93fa3fa250ad404b45aa2"}