{"Signatur": "VD_TC_031", "Spider": "VD_Omni", "Sprache": "fr", "Datum": "2023-09-11", "HTML": {"Datei": "VD_Omni/VD_TC_031_CR-2023-0033_2023-09-11.html", "URL": "http://www.jurisprudence.vd.ch/scripts/nph-omniscgi.exe?OmnisPlatform=WINDOWS&WebServerUrl=&WebServerScript=/scripts/nph-omniscgi.exe&OmnisLibrary=JURISWEB&OmnisClass=rtFindinfoWebHtmlService&OmnisServer=7001&Parametername=WWW_V4&Schema=VD_TA_WEB&Source=search.fiw&Aufruf=getMarkupDocument&cSprache=FRE&nF30_KEY=182895&W10_KEY=10550255&nTrefferzeile=11&Template=search/standard/results/document.fiw", "Checksum": "6bd525db06b53e386a46519fc18044c1"}, "Scrapedate": "2023-01-01", "Num": ["CR.2023.0033"], "Kopfzeile": [{"Sprachen": ["fr", "de", "it"], "Text": "Vaud Tribunal cantonal Cour de droit administratif et public 11.09.2023 CR.2023.0033"}], "Meta": [{"Sprachen": ["de"], "Text": "Waadt  Cour de droit administratif et public"}, {"Sprachen": ["fr"], "Text": "Vaud Tribunal cantonal Cour de droit administratif et public"}, {"Sprachen": ["it"], "Text": "Vaud  Cour de droit administratif et public"}], "Abstract": [{"Sprachen": ["de", "fr", "it"], "Text": "A.________/Service des automobiles et de la navigation | Retrait du permis de circulation et des plaques d'immatriculation. L'intervention du SAN \u00e9tait justifi\u00e9e, d\u00e8s lors qu'il avait re\u00e7u un avis de cessation de l'assurance RC du v\u00e9hicule. Emolument confirm\u00e9."}], "ScrapyJob": "446973/40/2238", "Zeit UTC": "10.04.2026 21:00:00", "Checksum": "fb5204a28ced74c46a90a46a7b559cad"}