{"Signatur": "VD_TC_031", "Spider": "VD_Omni", "Sprache": "fr", "Datum": "2025-09-04", "HTML": {"Datei": "VD_Omni/VD_TC_031_CR-2025-0025_2025-09-04.html", "URL": "http://www.jurisprudence.vd.ch/scripts/nph-omniscgi.exe?OmnisPlatform=WINDOWS&WebServerUrl=&WebServerScript=/scripts/nph-omniscgi.exe&OmnisLibrary=JURISWEB&OmnisClass=rtFindinfoWebHtmlService&OmnisServer=7001&Parametername=WWW_V4&Schema=VD_TA_WEB&Source=search.fiw&Aufruf=getMarkupDocument&cSprache=FRE&nF30_KEY=185417&W10_KEY=10594047&nTrefferzeile=35&Template=search/standard/results/document.fiw", "Checksum": "bdde6ab5f848308bcefd6a21302b3375"}, "Scrapedate": "2023-01-01", "Num": ["CR.2025.0025"], "Kopfzeile": [{"Sprachen": ["fr", "de", "it"], "Text": "Vaud Tribunal cantonal Cour de droit administratif et public 04.09.2025 CR.2025.0025"}], "Meta": [{"Sprachen": ["de"], "Text": "Waadt  Cour de droit administratif et public"}, {"Sprachen": ["fr"], "Text": "Vaud Tribunal cantonal Cour de droit administratif et public"}, {"Sprachen": ["it"], "Text": "Vaud  Cour de droit administratif et public"}], "Abstract": [{"Sprachen": ["de", "fr", "it"], "Text": "A.________ /Service des automobiles et de la navigation, Service des curatelles et tutelles professionnelles | Rejet du recours, dans la mesure o\u00f9 il est recevable, dirig\u00e9 contre une d\u00e9cision sur r\u00e9clamation du SAN portant sur le retrait du permis de conduire pour une dur\u00e9e d'un mois, d'une part, et sur l'aptitude \u00e0 la conduite du recourant, d'autre part, ce dernier \u00e9tant astreint \u00e0 fournir un rapport m\u00e9dical de son psychiatre. Recourant sous curatelle de port\u00e9e g\u00e9n\u00e9rale: question de savoir si la contestation rel\u00e8ve de l'exercice d'un droit strictement personnel au sens du droit civil laiss\u00e9e ouverte. Le volet de la d\u00e9cision concernant l'aptitude conditionnelle de conduire n'est pas contest\u00e9 par le recourant: cet objet \u00e9chappe d\u00e8s lors \u00e0 la cognition de la CDAP. Le recourant a conduit un v\u00e9hicule automobile sans \u00eatre titulaire du permis requis. Le retrait de son permis de conduire pour une dur\u00e9e d'un mois, soit le minimum l\u00e9gal, n'est pas critiquable."}], "ScrapyJob": "446973/40/2254", "Zeit UTC": "26.04.2026 01:29:59", "Checksum": "56786dcae9b8a6c5d6c7b8bc3dd35494"}