{"Signatur": "VD_TC_031", "Spider": "VD_Omni", "Sprache": "fr", "Datum": "1993-03-30", "HTML": {"Datei": "VD_Omni/VD_TC_031_EF-1992-0036_1993-03-30.html", "URL": "http://www.jurisprudence.vd.ch/scripts/nph-omniscgi.exe?OmnisPlatform=WINDOWS&WebServerUrl=&WebServerScript=/scripts/nph-omniscgi.exe&OmnisLibrary=JURISWEB&OmnisClass=rtFindinfoWebHtmlService&OmnisServer=7001&Parametername=WWW_V4&Schema=VD_TA_WEB&Source=search.fiw&Aufruf=getMarkupDocument&cSprache=FRE&nF30_KEY=36089&W10_KEY=10550259&nTrefferzeile=2&Template=search/standard/results/document.fiw", "Checksum": "82eb4da6bbb8b3bf15d20ceccc8120cc"}, "Scrapedate": "2023-01-01", "Num": ["EF.1992.0036"], "Kopfzeile": [{"Sprachen": ["fr", "de", "it"], "Text": "Vaud Tribunal cantonal Cour de droit administratif et public 30.03.1993 EF.1992.0036"}], "Meta": [{"Sprachen": ["de"], "Text": "Waadt  Cour de droit administratif et public"}, {"Sprachen": ["fr"], "Text": "Vaud Tribunal cantonal Cour de droit administratif et public"}, {"Sprachen": ["it"], "Text": "Vaud  Cour de droit administratif et public"}], "Abstract": [{"Sprachen": ["de", "fr", "it"], "Text": "Schwarz Pierre | La valeur v\u00e9nale d'un immeuble ne d\u00e9pend pas de l'usage qui en est effectivement fait par son propri\u00e9taire mais des conditions effectives du march\u00e9 local."}], "ScrapyJob": "446973/40/2238", "Zeit UTC": "11.04.2026 05:22:45", "Checksum": "549e50c038a2a71738bdcaaaec893ee9"}