{"Signatur": "VD_TC_031", "Spider": "VD_Omni", "Sprache": "fr", "Datum": "2000-12-01", "HTML": {"Datei": "VD_Omni/VD_TC_031_EF-1998-0014_2000-12-01.html", "URL": "http://www.jurisprudence.vd.ch/scripts/nph-omniscgi.exe?OmnisPlatform=WINDOWS&WebServerUrl=&WebServerScript=/scripts/nph-omniscgi.exe&OmnisLibrary=JURISWEB&OmnisClass=rtFindinfoWebHtmlService&OmnisServer=7001&Parametername=WWW_V4&Schema=VD_TA_WEB&Source=search.fiw&Aufruf=getMarkupDocument&cSprache=FRE&nF30_KEY=36295&W10_KEY=10550259&nTrefferzeile=25&Template=search/standard/results/document.fiw", "Checksum": "0b9526aa5fb15d2d113228fe85d822a2"}, "Scrapedate": "2023-01-01", "Num": ["EF.1998.0014"], "Kopfzeile": [{"Sprachen": ["fr", "de", "it"], "Text": "Vaud Tribunal cantonal Cour de droit administratif et public 01.12.2000 EF.1998.0014"}], "Meta": [{"Sprachen": ["de"], "Text": "Waadt  Cour de droit administratif et public"}, {"Sprachen": ["fr"], "Text": "Vaud Tribunal cantonal Cour de droit administratif et public"}, {"Sprachen": ["it"], "Text": "Vaud  Cour de droit administratif et public"}], "Abstract": [{"Sprachen": ["de", "fr", "it"], "Text": "SEREX Michel et Pascal c/ CEFI Lausanne | La valeur v\u00e9nale d\u00e9termin\u00e9e dans le cadre de l'estimation fiscale doit \u00eatre coordonn\u00e9e \u00e0 la d\u00e9termination de la valeur v\u00e9nale arr\u00eat\u00e9e pour fixer la valeur de sortie lors de la liquidation des SI."}], "ScrapyJob": "446973/40/2238", "Zeit UTC": "11.04.2026 03:13:27", "Checksum": "aa806b6460ccd4efe7ad258234985d6c"}