{"Signatur": "VD_TC_031", "Spider": "VD_Omni", "Sprache": "fr", "Datum": "2015-04-17", "HTML": {"Datei": "VD_Omni/VD_TC_031_EF-2014-0005_2015-04-17.html", "URL": "http://www.jurisprudence.vd.ch/scripts/nph-omniscgi.exe?OmnisPlatform=WINDOWS&WebServerUrl=&WebServerScript=/scripts/nph-omniscgi.exe&OmnisLibrary=JURISWEB&OmnisClass=rtFindinfoWebHtmlService&OmnisServer=7001&Parametername=WWW_V4&Schema=VD_TA_WEB&Source=search.fiw&Aufruf=getMarkupDocument&cSprache=FRE&nF30_KEY=171617&W10_KEY=10550255&nTrefferzeile=13&Template=search/standard/results/document.fiw", "Checksum": "d7503b42e9ac1f311790a32f52913221"}, "Scrapedate": "2023-01-01", "Num": ["EF.2014.0005"], "Kopfzeile": [{"Sprachen": ["fr", "de", "it"], "Text": "Vaud Tribunal cantonal Cour de droit administratif et public 17.04.2015 EF.2014.0005"}], "Meta": [{"Sprachen": ["de"], "Text": "Waadt  Cour de droit administratif et public"}, {"Sprachen": ["fr"], "Text": "Vaud Tribunal cantonal Cour de droit administratif et public"}, {"Sprachen": ["it"], "Text": "Vaud  Cour de droit administratif et public"}], "Abstract": [{"Sprachen": ["de", "fr", "it"], "Text": "A.X.et B.X.________/Commission d'estimation fiscale des immeubles du district de Lausanne | Confirmation de l'estimation fiscale attaqu\u00e9e, la diff\u00e9rence avec l'estimation obtenue par le Tribunal \u00e9tant inf\u00e9rieure \u00e0 5%. \rLa surface nette \u00e0 prendre en consid\u00e9ration dans la d\u00e9finition de la valeur de rendement de la villa des recourants doit tenir compte de la buanderie enterr\u00e9e, quand bien m\u00eame deux machines sont install\u00e9es dans ce local, ceci d\u2019autant plus que deux chambres sont \u00e9galement am\u00e9nag\u00e9es \u00e0 ce niveau. En outre, \u00e0 l\u2019image du garage et de la place de parc ext\u00e9rieure, qui ne font pas partie de la surface habitable, la cave doit \u00eatre prise en consid\u00e9ration dans la d\u00e9termination de la valeur de rendement. \rEn fixant des loyers de 330, respectivement 200 fr. le m2, en distinguant les parties habitables de la villa de celles qui ne le sont pas, l\u2019autorit\u00e9 intim\u00e9e n\u2019a nullement exc\u00e9d\u00e9 le pouvoir d\u2019appr\u00e9ciation qui lui est reconnu en la mati\u00e8re."}], "ScrapyJob": "446973/40/2238", "Zeit UTC": "10.04.2026 22:48:17", "Checksum": "72ab54ed2c8dd1aaa35848587ac59b9b"}