{"Signatur": "VD_TC_031", "Spider": "VD_Omni", "Sprache": "fr", "Datum": "2018-05-17", "HTML": {"Datei": "VD_Omni/VD_TC_031_EF-2017-0002_2018-05-17.html", "URL": "http://www.jurisprudence.vd.ch/scripts/nph-omniscgi.exe?OmnisPlatform=WINDOWS&WebServerUrl=&WebServerScript=/scripts/nph-omniscgi.exe&OmnisLibrary=JURISWEB&OmnisClass=rtFindinfoWebHtmlService&OmnisServer=7001&Parametername=WWW_V4&Schema=VD_TA_WEB&Source=search.fiw&Aufruf=getMarkupDocument&cSprache=FRE&nF30_KEY=175937&W10_KEY=10550255&nTrefferzeile=35&Template=search/standard/results/document.fiw", "Checksum": "5cf261480614de1b295af68391cba611"}, "Scrapedate": "2023-01-01", "Num": ["EF.2017.0002"], "Kopfzeile": [{"Sprachen": ["fr", "de", "it"], "Text": "Vaud Tribunal cantonal Cour de droit administratif et public 17.05.2018 EF.2017.0002"}], "Meta": [{"Sprachen": ["de"], "Text": "Waadt  Cour de droit administratif et public"}, {"Sprachen": ["fr"], "Text": "Vaud Tribunal cantonal Cour de droit administratif et public"}, {"Sprachen": ["it"], "Text": "Vaud  Cour de droit administratif et public"}], "Abstract": [{"Sprachen": ["de", "fr", "it"], "Text": "A.________/Commission d'estimation fiscale des immeubles du district de Vevey | Arr\u00eat rectificatif: c'est par erreur que les frais ont \u00e9t\u00e9 mis \u00e0 la charge de la commission d'estimation fiscale des immeubles, qui est une unit\u00e9 rattach\u00e9e au canton et non \u00e0 la commune du lieu de situation de l'immeuble; dispositif corrig\u00e9 en ce sens que les frais sont laiss\u00e9s \u00e0 la charge de l'Etat."}], "ScrapyJob": "446973/40/2238", "Zeit UTC": "10.04.2026 21:57:35", "Checksum": "a48a094b9ec8c4be07c20ca50c12a9c3"}