{"Signatur": "VD_TC_031", "Spider": "VD_Omni", "Sprache": "fr", "Datum": "1991-10-14", "HTML": {"Datei": "VD_Omni/VD_TC_031_FI-1990-0031_1991-10-14.html", "URL": "http://www.jurisprudence.vd.ch/scripts/nph-omniscgi.exe?OmnisPlatform=WINDOWS&WebServerUrl=&WebServerScript=/scripts/nph-omniscgi.exe&OmnisLibrary=JURISWEB&OmnisClass=rtFindinfoWebHtmlService&OmnisServer=7001&Parametername=WWW_V4&Schema=VD_TA_WEB&Source=search.fiw&Aufruf=getMarkupDocument&cSprache=FRE&nF30_KEY=36394&W10_KEY=10550259&nTrefferzeile=35&Template=search/standard/results/document.fiw", "Checksum": "d488d6878f4c4b3324719a213e5d6326"}, "Scrapedate": "2023-01-01", "Num": ["FI.1990.0031"], "Kopfzeile": [{"Sprachen": ["fr", "de", "it"], "Text": "Vaud Tribunal cantonal Cour de droit administratif et public 14.10.1991 FI.1990.0031"}], "Meta": [{"Sprachen": ["de"], "Text": "Waadt  Cour de droit administratif et public"}, {"Sprachen": ["fr"], "Text": "Vaud Tribunal cantonal Cour de droit administratif et public"}, {"Sprachen": ["it"], "Text": "Vaud  Cour de droit administratif et public"}], "Abstract": [{"Sprachen": ["de", "fr", "it"], "Text": "c/ ACI | Le fait qu'un enfant, qui n'\u00e9tait pr\u00e9c\u00e9demment plus \u00e0 charge, reprenne des \u00e9tudes ne constitue pas un motif de taxation interm\u00e9diaire; l'art. 26a LI n'est pas applicable par analogie."}], "ScrapyJob": "446973/40/2238", "Zeit UTC": "11.04.2026 05:47:35", "Checksum": "fe5ee049fdda0027e10fbd0d832cdfa9"}