{"Signatur": "VD_TC_031", "Spider": "VD_Omni", "Sprache": "fr", "Datum": "1997-06-13", "HTML": {"Datei": "VD_Omni/VD_TC_031_FI-1991-0073_1997-06-13.html", "URL": "http://www.jurisprudence.vd.ch/scripts/nph-omniscgi.exe?OmnisPlatform=WINDOWS&WebServerUrl=&WebServerScript=/scripts/nph-omniscgi.exe&OmnisLibrary=JURISWEB&OmnisClass=rtFindinfoWebHtmlService&OmnisServer=7001&Parametername=WWW_V4&Schema=VD_TA_WEB&Source=search.fiw&Aufruf=getMarkupDocument&cSprache=FRE&nF30_KEY=36472&W10_KEY=10550259&nTrefferzeile=3&Template=search/standard/results/document.fiw", "Checksum": "2e4e3b94427c364c914039e735d82ee0"}, "Scrapedate": "2023-01-01", "Num": ["FI.1991.0073"], "Kopfzeile": [{"Sprachen": ["fr", "de", "it"], "Text": "Vaud Tribunal cantonal Cour de droit administratif et public 13.06.1997 FI.1991.0073"}], "Meta": [{"Sprachen": ["de"], "Text": "Waadt  Cour de droit administratif et public"}, {"Sprachen": ["fr"], "Text": "Vaud Tribunal cantonal Cour de droit administratif et public"}, {"Sprachen": ["it"], "Text": "Vaud  Cour de droit administratif et public"}], "Abstract": [{"Sprachen": ["de", "fr", "it"], "Text": "c/ACI | Pas de r\u00e9vision d'une taxation entr\u00e9e en force parce que le contribuable a oubli\u00e9 de revendiquer une part de quotient familial relative \u00e0 son  fils (majeur \u00e0 l'\u00e9poque et dont l'autorit\u00e9 fiscale ne pouvait pas pr\u00e9sumer qu'il \u00e9tait encore \u00e0 charge de ses parents)."}], "ScrapyJob": "446973/40/2238", "Zeit UTC": "11.04.2026 04:09:03", "Checksum": "53de0f2579d8bc6fbcd4fad4a68e87e2"}