{"Signatur": "VD_TC_031", "Spider": "VD_Omni", "Sprache": "fr", "Datum": "1993-10-22", "HTML": {"Datei": "VD_Omni/VD_TC_031_FI-1993-0021_1993-10-22.html", "URL": "http://www.jurisprudence.vd.ch/scripts/nph-omniscgi.exe?OmnisPlatform=WINDOWS&WebServerUrl=&WebServerScript=/scripts/nph-omniscgi.exe&OmnisLibrary=JURISWEB&OmnisClass=rtFindinfoWebHtmlService&OmnisServer=7001&Parametername=WWW_V4&Schema=VD_TA_WEB&Source=search.fiw&Aufruf=getMarkupDocument&cSprache=FRE&nF30_KEY=36593&W10_KEY=10550259&nTrefferzeile=38&Template=search/standard/results/document.fiw", "Checksum": "9080128a6eb7ae25ee5a2aff33641f69"}, "Scrapedate": "2023-01-01", "Num": ["FI.1993.0021"], "Kopfzeile": [{"Sprachen": ["fr", "de", "it"], "Text": "Vaud Tribunal cantonal Cour de droit administratif et public 22.10.1993 FI.1993.0021"}], "Meta": [{"Sprachen": ["de"], "Text": "Waadt  Cour de droit administratif et public"}, {"Sprachen": ["fr"], "Text": "Vaud Tribunal cantonal Cour de droit administratif et public"}, {"Sprachen": ["it"], "Text": "Vaud  Cour de droit administratif et public"}], "Abstract": [{"Sprachen": ["de", "fr", "it"], "Text": "c/ACI | L'\u00e9poux divorc\u00e9 qui n'a pas re\u00e7u la garde d'un enfant n'a pas droit \u00e0 une part r\u00e9sultant de la situation de famille."}], "ScrapyJob": "446973/40/2238", "Zeit UTC": "11.04.2026 05:11:04", "Checksum": "8baa7f1f81ec0016553edf4bf4479a14"}