{"Signatur": "VD_TC_031", "Spider": "VD_Omni", "Sprache": "fr", "Datum": "1995-04-24", "HTML": {"Datei": "VD_Omni/VD_TC_031_FI-1994-0078_1995-04-24.html", "URL": "http://www.jurisprudence.vd.ch/scripts/nph-omniscgi.exe?OmnisPlatform=WINDOWS&WebServerUrl=&WebServerScript=/scripts/nph-omniscgi.exe&OmnisLibrary=JURISWEB&OmnisClass=rtFindinfoWebHtmlService&OmnisServer=7001&Parametername=WWW_V4&Schema=VD_TA_WEB&Source=search.fiw&Aufruf=getMarkupDocument&cSprache=FRE&nF30_KEY=36740&W10_KEY=10550259&nTrefferzeile=48&Template=search/standard/results/document.fiw", "Checksum": "91fe82d7963d0d7b13b27ab205110528"}, "Scrapedate": "2023-01-01", "Num": ["FI.1994.0078"], "Kopfzeile": [{"Sprachen": ["fr", "de", "it"], "Text": "Vaud Tribunal cantonal Cour de droit administratif et public 24.04.1995 FI.1994.0078"}], "Meta": [{"Sprachen": ["de"], "Text": "Waadt  Cour de droit administratif et public"}, {"Sprachen": ["fr"], "Text": "Vaud Tribunal cantonal Cour de droit administratif et public"}, {"Sprachen": ["it"], "Text": "Vaud  Cour de droit administratif et public"}], "Abstract": [{"Sprachen": ["de", "fr", "it"], "Text": "c/Comm. cant. pers. morales | Holding. Frais de gestion. La soci\u00e9t\u00e9-m\u00e8re ne peut facturer des frais de gestion \u00e0 sa fille si elle n'a pas enregistr\u00e9 dans sa comptabilit\u00e9 des charges correspondant \u00e0 l'activit\u00e9 en faveur de la fille."}], "ScrapyJob": "446973/40/2238", "Zeit UTC": "11.04.2026 04:47:10", "Checksum": "4a65329070dc085c50612f8aab075943"}