{"Signatur": "VD_TC_031", "Spider": "VD_Omni", "Sprache": "fr", "Datum": "2001-12-27", "HTML": {"Datei": "VD_Omni/VD_TC_031_FI-1997-0048_2001-12-27.html", "URL": "http://www.jurisprudence.vd.ch/scripts/nph-omniscgi.exe?OmnisPlatform=WINDOWS&WebServerUrl=&WebServerScript=/scripts/nph-omniscgi.exe&OmnisLibrary=JURISWEB&OmnisClass=rtFindinfoWebHtmlService&OmnisServer=7001&Parametername=WWW_V4&Schema=VD_TA_WEB&Source=search.fiw&Aufruf=getMarkupDocument&cSprache=FRE&nF30_KEY=37037&W10_KEY=10550259&nTrefferzeile=35&Template=search/standard/results/document.fiw", "Checksum": "b944b87bd561b716a3ae0056421d9324"}, "Scrapedate": "2023-01-01", "Num": ["FI.1997.0048"], "Kopfzeile": [{"Sprachen": ["fr", "de", "it"], "Text": "Vaud Tribunal cantonal Cour de droit administratif et public 27.12.2001 FI.1997.0048"}], "Meta": [{"Sprachen": ["de"], "Text": "Waadt  Cour de droit administratif et public"}, {"Sprachen": ["fr"], "Text": "Vaud Tribunal cantonal Cour de droit administratif et public"}, {"Sprachen": ["it"], "Text": "Vaud  Cour de droit administratif et public"}], "Abstract": [{"Sprachen": ["de", "fr", "it"], "Text": "c/ACI | Les frais de garde d'enfant, dont les parents exercent une activit\u00e9 professionnelle, ne constituent pas des frais d'acquisition du revenu. A d\u00e9faut de base l\u00e9gale expresse dans l'ancienne loi, ils ne peuvent \u00eatre d\u00e9duits du revenu."}], "ScrapyJob": "446973/40/2238", "Zeit UTC": "11.04.2026 02:58:52", "Checksum": "f317a69973cfdb2fb4e19c8694d32d6c"}