{"Signatur": "VD_TC_031", "Spider": "VD_Omni", "Sprache": "fr", "Datum": "2002-02-14", "HTML": {"Datei": "VD_Omni/VD_TC_031_FI-1997-0066_2002-02-14.html", "URL": "http://www.jurisprudence.vd.ch/scripts/nph-omniscgi.exe?OmnisPlatform=WINDOWS&WebServerUrl=&WebServerScript=/scripts/nph-omniscgi.exe&OmnisLibrary=JURISWEB&OmnisClass=rtFindinfoWebHtmlService&OmnisServer=7001&Parametername=WWW_V4&Schema=VD_TA_WEB&Source=search.fiw&Aufruf=getMarkupDocument&cSprache=FRE&nF30_KEY=37045&W10_KEY=10550259&nTrefferzeile=43&Template=search/standard/results/document.fiw", "Checksum": "a0cb9f569f1c407f01144abd98e5ca9c"}, "Scrapedate": "2023-01-01", "Num": ["FI.1997.0066"], "Kopfzeile": [{"Sprachen": ["fr", "de", "it"], "Text": "Vaud Tribunal cantonal Cour de droit administratif et public 14.02.2002 FI.1997.0066"}], "Meta": [{"Sprachen": ["de"], "Text": "Waadt  Cour de droit administratif et public"}, {"Sprachen": ["fr"], "Text": "Vaud Tribunal cantonal Cour de droit administratif et public"}, {"Sprachen": ["it"], "Text": "Vaud  Cour de droit administratif et public"}], "Abstract": [{"Sprachen": ["de", "fr", "it"], "Text": "c/ACI | Les frais de garde d'enfant \u00e0 charge de la m\u00e8re qui exerce une activit\u00e9 professionnelle et \u00e9l\u00e8ve seule l'enfant ne constituent pas des frais d'acquisition du revenu. Ils ne peuvent \u00eatre d\u00e9duits du revenu, \u00e0 d\u00e9faut de base l\u00e9gale expresse dans l'ancienne loi."}], "ScrapyJob": "446973/40/2238", "Zeit UTC": "11.04.2026 02:57:00", "Checksum": "8295553487962f03b0cfdef050949dfa"}