{"Signatur": "VD_TC_031", "Spider": "VD_Omni", "Sprache": "fr", "Datum": "2008-03-14", "HTML": {"Datei": "VD_Omni/VD_TC_031_FI-2007-0139_2008-03-14.html", "URL": "http://www.jurisprudence.vd.ch/scripts/nph-omniscgi.exe?OmnisPlatform=WINDOWS&WebServerUrl=&WebServerScript=/scripts/nph-omniscgi.exe&OmnisLibrary=JURISWEB&OmnisClass=rtFindinfoWebHtmlService&OmnisServer=7001&Parametername=WWW_V4&Schema=VD_TA_WEB&Source=search.fiw&Aufruf=getMarkupDocument&cSprache=FRE&nF30_KEY=159448&W10_KEY=10550255&nTrefferzeile=24&Template=search/standard/results/document.fiw", "Checksum": "578347642c03a01a22cdc7efb43f4711"}, "Scrapedate": "2023-01-01", "Num": ["FI.2007.0139"], "Kopfzeile": [{"Sprachen": ["fr", "de", "it"], "Text": "Vaud Tribunal cantonal Cour de droit administratif et public 14.03.2008 FI.2007.0139"}], "Meta": [{"Sprachen": ["de"], "Text": "Waadt  Cour de droit administratif et public"}, {"Sprachen": ["fr"], "Text": "Vaud Tribunal cantonal Cour de droit administratif et public"}, {"Sprachen": ["it"], "Text": "Vaud  Cour de droit administratif et public"}], "Abstract": [{"Sprachen": ["de", "fr", "it"], "Text": "X.________, Y.________ c/Administration cantonale des imp\u00f4ts, Administration f\u00e9d\u00e9rale des contributions | Contribuables venant d'un autre canton et emm\u00e9nageant en cours d'ann\u00e9e dans le canton, alors que l'\u00e9pouse exerce une activit\u00e9 accessoire. La prise par celle-ci d'une activit\u00e9 principale durable l'ann\u00e9e suivante g\u00e9n\u00e8re la notification d'une taxation interm\u00e9diaire, pour l'imp\u00f4t cantonal et communal uniquement dans la mesure o\u00f9 ce d\u00e9but d'activit\u00e9 entra\u00eene une augmentation de plus de 30% du revenu annuel du couple par rapport \u00e0 ce qu'il \u00e9tait auparavant. En revanche, cette situation est sans effet pour l'IFD, puisque l'\u00e9pouse a interrompu cette activit\u00e9 principale durant neuf mois et demi, alors que le couple \u00e9tait assujetti dans un autre canton. En outre, seul le revenu de l'activit\u00e9 principale entre dans la base de calcul de la taxation interm\u00e9diaire. Le revenu de l'activit\u00e9 accessoire, qui ne peut \u00eatre requalifi\u00e9, n'a pas \u00e0 \u00eatre pris en nouvelle situation."}], "ScrapyJob": "446973/40/2238", "Zeit UTC": "11.04.2026 01:17:30", "Checksum": "78488b4960027e2b9f2a077a697a3b8b"}