{"Signatur": "VD_TC_031", "Spider": "VD_Omni", "Sprache": "fr", "Datum": "2008-05-30", "HTML": {"Datei": "VD_Omni/VD_TC_031_FI-2007-0156_2008-05-30.html", "URL": "http://www.jurisprudence.vd.ch/scripts/nph-omniscgi.exe?OmnisPlatform=WINDOWS&WebServerUrl=&WebServerScript=/scripts/nph-omniscgi.exe&OmnisLibrary=JURISWEB&OmnisClass=rtFindinfoWebHtmlService&OmnisServer=7001&Parametername=WWW_V4&Schema=VD_TA_WEB&Source=search.fiw&Aufruf=getMarkupDocument&cSprache=FRE&nF30_KEY=159798&W10_KEY=10550255&nTrefferzeile=12&Template=search/standard/results/document.fiw", "Checksum": "74a5eb3a5c7eff03e870883da0dc81ee"}, "Scrapedate": "2023-01-01", "Num": ["FI.2007.0156"], "Kopfzeile": [{"Sprachen": ["fr", "de", "it"], "Text": "Vaud Tribunal cantonal Cour de droit administratif et public 30.05.2008 FI.2007.0156"}], "Meta": [{"Sprachen": ["de"], "Text": "Waadt  Cour de droit administratif et public"}, {"Sprachen": ["fr"], "Text": "Vaud Tribunal cantonal Cour de droit administratif et public"}, {"Sprachen": ["it"], "Text": "Vaud  Cour de droit administratif et public"}], "Abstract": [{"Sprachen": ["de", "fr", "it"], "Text": "x.________ c/Administration cantonale des imp\u00f4ts | La charge fonci\u00e8re a un caract\u00e8re propter rem. Sa valeur de rachat entre dans l'assiette du droit de mutation, lors du transfert de l'immeuble auquel est attach\u00e9 la charge fonci\u00e8re. Celle-ci constitue en outre une prestation accessoire au sens de l'art. 6 al. 3 LMSD."}], "ScrapyJob": "446973/40/2238", "Zeit UTC": "11.04.2026 01:13:51", "Checksum": "b4f80cd4356f969c27e8989f7c39ce15"}