{"Signatur": "VD_TC_031", "Spider": "VD_Omni", "Sprache": "fr", "Datum": "2012-06-29", "HTML": {"Datei": "VD_Omni/VD_TC_031_FI-2011-0048_2012-06-29.html", "URL": "http://www.jurisprudence.vd.ch/scripts/nph-omniscgi.exe?OmnisPlatform=WINDOWS&WebServerUrl=&WebServerScript=/scripts/nph-omniscgi.exe&OmnisLibrary=JURISWEB&OmnisClass=rtFindinfoWebHtmlService&OmnisServer=7001&Parametername=WWW_V4&Schema=VD_TA_WEB&Source=search.fiw&Aufruf=getMarkupDocument&cSprache=FRE&nF30_KEY=166670&W10_KEY=10550255&nTrefferzeile=28&Template=search/standard/results/document.fiw", "Checksum": "85c82348ed8c5f6e0ea8e503cf76b675"}, "Scrapedate": "2023-01-01", "Num": ["FI.2011.0048"], "Kopfzeile": [{"Sprachen": ["fr", "de", "it"], "Text": "Vaud Tribunal cantonal Cour de droit administratif et public 29.06.2012 FI.2011.0048"}], "Meta": [{"Sprachen": ["de"], "Text": "Waadt  Cour de droit administratif et public"}, {"Sprachen": ["fr"], "Text": "Vaud Tribunal cantonal Cour de droit administratif et public"}, {"Sprachen": ["it"], "Text": "Vaud  Cour de droit administratif et public"}], "Abstract": [{"Sprachen": ["de", "fr", "it"], "Text": "A. X.________ c/Administration cantonale des imp\u00f4ts, Commune de Lausanne, Administration communale de Del\u00e9mont, Service des contributions | Contribuable c\u00e9libataire, \u00e2g\u00e9e de 38 ans, qui a grandi \u00e0 Del\u00e9mont, o\u00f9 se trouve toute sa famille. Depuis 2006, elle travaille \u00e0 Ecublens et occupe un appartement \u00e0 Lausanne. Retour les week-ends et durant les vacances dans le Jura, o\u00f9 elle occupe une chambre dans la villa familiale. Elle fait aussi partie de soci\u00e9t\u00e9s locales \u00e0 Del\u00e9mont. Recours contre la d\u00e9cision de l'ACI de fixer son domicile fiscal \u00e0 Lausanne d\u00e8s le 1er janvier 2011. La recourante ne parvient pas \u00e0 renverser la pr\u00e9somption du domicile fiscal au lieu de travail. La recourante est c\u00e9libataire et ind\u00e9pendante de ses parents d'un point de vue personnel et \u00e9conomique. Elle dispose de son propre logement \u00e0 Lausanne, qu'elle loue, alors qu'elle ne fait qu'occuper une chambre dans la villa de ses parents \u00e0 Del\u00e9mont, pour laquelle elle ne paie pas de loyer. Enfin, son \u00e2ge, sup\u00e9rieur \u00e0 30 ans, ainsi que la dur\u00e9e des relations de travail \u00e0 Ecublens, sup\u00e9rieure \u00e0 5 ans, plaident aussi en faveur d'un assujettissement au lieu de travail. Pas de violation du principe de non-r\u00e9troactivit\u00e9 des lois, ni de celui de l'\u00e9galit\u00e9 de traitement. Recours rejet\u00e9.\rRecours au TF rejet\u00e9 (2C_728/2012 du 28.12.12)."}], "ScrapyJob": "446973/40/2238", "Zeit UTC": "10.04.2026 23:45:18", "Checksum": "644fc7fbbed1209c3195446b22dcb880"}