{"Signatur": "VD_TC_031", "Spider": "VD_Omni", "Sprache": "fr", "Datum": "2012-06-04", "HTML": {"Datei": "VD_Omni/VD_TC_031_FI-2011-0053_2012-06-04.html", "URL": "http://www.jurisprudence.vd.ch/scripts/nph-omniscgi.exe?OmnisPlatform=WINDOWS&WebServerUrl=&WebServerScript=/scripts/nph-omniscgi.exe&OmnisLibrary=JURISWEB&OmnisClass=rtFindinfoWebHtmlService&OmnisServer=7001&Parametername=WWW_V4&Schema=VD_TA_WEB&Source=search.fiw&Aufruf=getMarkupDocument&cSprache=FRE&nF30_KEY=166546&W10_KEY=10550255&nTrefferzeile=18&Template=search/standard/results/document.fiw", "Checksum": "e523a79af02c1ef1e0f0b22fd8308ced"}, "Scrapedate": "2023-01-01", "Num": ["FI.2011.0053"], "Kopfzeile": [{"Sprachen": ["fr", "de", "it"], "Text": "Vaud Tribunal cantonal Cour de droit administratif et public 04.06.2012 FI.2011.0053"}], "Meta": [{"Sprachen": ["de"], "Text": "Waadt  Cour de droit administratif et public"}, {"Sprachen": ["fr"], "Text": "Vaud Tribunal cantonal Cour de droit administratif et public"}, {"Sprachen": ["it"], "Text": "Vaud  Cour de droit administratif et public"}], "Abstract": [{"Sprachen": ["de", "fr", "it"], "Text": "A. X.________ c/Administration cantonale des imp\u00f4ts, Administration f\u00e9d\u00e9rale des contributions | D\u00e8s lors que l'art. 16 LHID pr\u00e9voit express\u00e9ment que ce sont les art. 62 \u00e0 70 LHID qui s'appliquent lorsque les cantons ont adopt\u00e9 le syst\u00e8me d'imposition annuelle postnumerando, et que ces dispositions ne pr\u00e9voient pas le proc\u00e9d\u00e9 de la taxation interm\u00e9diaire, c'est \u00e0 juste titre que l'autorit\u00e9 intim\u00e9e a refus\u00e9 de soumettre, pour la p\u00e9riode fiscale 2006, la recourante \u00e0 une taxation interm\u00e9diaire du fait de son divorce qui a \u00e9t\u00e9 prononc\u00e9 le 20 octobre 2006. C'est \u00e9galement \u00e0 juste titre qu'elle a soumis la recourante s\u00e9par\u00e9ment d'avec son ex-\u00e9poux pour l'ensemble de la p\u00e9riode fiscale 2006 \u00e0 l'imp\u00f4t cantonal et communal, comme l'art. 80 al. 2 LI le prescrit.\rLe principe en la mati\u00e8re est le m\u00eame en droit f\u00e9d\u00e9ral qu'en droit cantonal et communal.\rRecours rejet\u00e9."}], "ScrapyJob": "446973/40/2238", "Zeit UTC": "10.04.2026 23:47:12", "Checksum": "2659e70dc4122e4864939dd8100c40d4"}