{"Signatur": "VD_TC_031", "Spider": "VD_Omni", "Sprache": "fr", "Datum": "2013-10-15", "HTML": {"Datei": "VD_Omni/VD_TC_031_FI-2012-0047_2013-10-15.html", "URL": "http://www.jurisprudence.vd.ch/scripts/nph-omniscgi.exe?OmnisPlatform=WINDOWS&WebServerUrl=&WebServerScript=/scripts/nph-omniscgi.exe&OmnisLibrary=JURISWEB&OmnisClass=rtFindinfoWebHtmlService&OmnisServer=7001&Parametername=WWW_V4&Schema=VD_TA_WEB&Source=search.fiw&Aufruf=getMarkupDocument&cSprache=FRE&nF30_KEY=168861&W10_KEY=10550255&nTrefferzeile=40&Template=search/standard/results/document.fiw", "Checksum": "8048c7e54ba47e3ec01e69100a02b63a"}, "Scrapedate": "2023-01-01", "Num": ["FI.2012.0047"], "Kopfzeile": [{"Sprachen": ["fr", "de", "it"], "Text": "Vaud Tribunal cantonal Cour de droit administratif et public 15.10.2013 FI.2012.0047"}], "Meta": [{"Sprachen": ["de"], "Text": "Waadt  Cour de droit administratif et public"}, {"Sprachen": ["fr"], "Text": "Vaud Tribunal cantonal Cour de droit administratif et public"}, {"Sprachen": ["it"], "Text": "Vaud  Cour de droit administratif et public"}], "Abstract": [{"Sprachen": ["de", "fr", "it"], "Text": "A. X.________, B. X.________/Administration cantonale des imp\u00f4ts, Administration f\u00e9d\u00e9rale des contributions | Distinction entre les frais de perfectionnement et les frais de formation. Rappel de la jurisprudence et casuistique. En l'esp\u00e8ce, compte tenu de sa dur\u00e9e, de son co\u00fbt et de son implicaton en temps, le \"MaS in International Taxation\" dispens\u00e9 par l'Universit\u00e9 de Neuch\u00e2tel ne saurait \u00eatre consid\u00e9r\u00e9 comme une simple mise \u00e0 niveau ou une actualisation des connaissances. De plus, il ne fait aucun doute qu'il constitue une valeur ajout\u00e9e, propre \u00e0 am\u00e9liorer les perspectives de carri\u00e8re. En outre, selon la jurisprudence, un lien \u00e9troit entre l'activit\u00e9 professionnelle et la formation suivie ne suffit pas \u00e0 lui seul pour permettre la d\u00e9duction des co\u00fbts litigieux \u00e0 titre de frais de perfectionnement. C'est ainsi \u00e0 juste titre que l'ACI a refus\u00e9 la d\u00e9duction des co\u00fbts engendr\u00e9 par le \"MaS in International Taxation\". Recours rejet\u00e9.\rRecours en mati\u00e8re de droit public au TF admis (arr\u00eat 2C_1073/2013 et 2C_1074/2013 du 25 juin 2014). Arr\u00eat cantonal annul\u00e9)."}], "ScrapyJob": "446973/40/2238", "Zeit UTC": "10.04.2026 23:16:10", "Checksum": "e0c8bbf58f32466fed8b2ee09de09de3"}