{"Signatur": "VD_TC_031", "Spider": "VD_Omni", "Sprache": "fr", "Datum": "2013-06-12", "HTML": {"Datei": "VD_Omni/VD_TC_031_FI-2012-0097_2013-06-12.html", "URL": "http://www.jurisprudence.vd.ch/scripts/nph-omniscgi.exe?OmnisPlatform=WINDOWS&WebServerUrl=&WebServerScript=/scripts/nph-omniscgi.exe&OmnisLibrary=JURISWEB&OmnisClass=rtFindinfoWebHtmlService&OmnisServer=7001&Parametername=WWW_V4&Schema=VD_TA_WEB&Source=search.fiw&Aufruf=getMarkupDocument&cSprache=FRE&nF30_KEY=168379&W10_KEY=10550255&nTrefferzeile=40&Template=search/standard/results/document.fiw", "Checksum": "97159399b0d6809025adb1126906a1cd"}, "Scrapedate": "2023-01-01", "Num": ["FI.2012.0097"], "Kopfzeile": [{"Sprachen": ["fr", "de", "it"], "Text": "Vaud Tribunal cantonal Cour de droit administratif et public 12.06.2013 FI.2012.0097"}], "Meta": [{"Sprachen": ["de"], "Text": "Waadt  Cour de droit administratif et public"}, {"Sprachen": ["fr"], "Text": "Vaud Tribunal cantonal Cour de droit administratif et public"}, {"Sprachen": ["it"], "Text": "Vaud  Cour de droit administratif et public"}], "Abstract": [{"Sprachen": ["de", "fr", "it"], "Text": "A. X.________-Y.________, B. X.________-Y.________/Administration cantonale des imp\u00f4ts | La prescription du droit de taxer, ordinaire et absolue, n'est pas atteinte en l'occurrence (consid. 3).\rRecours au Tribunal f\u00e9d\u00e9ral d\u00e9clar\u00e9 irrecevable ATF 2C_648/2013; 2C_650/2013 du 16 juillet 2013."}], "ScrapyJob": "446973/40/2238", "Zeit UTC": "10.04.2026 23:22:12", "Checksum": "15f7fcaffcd77839596f627b77c85c8d"}