{"Signatur": "VD_TC_031", "Spider": "VD_Omni", "Sprache": "fr", "Datum": "2015-11-04", "HTML": {"Datei": "VD_Omni/VD_TC_031_FI-2014-0132_2015-11-04.html", "URL": "http://www.jurisprudence.vd.ch/scripts/nph-omniscgi.exe?OmnisPlatform=WINDOWS&WebServerUrl=&WebServerScript=/scripts/nph-omniscgi.exe&OmnisLibrary=JURISWEB&OmnisClass=rtFindinfoWebHtmlService&OmnisServer=7001&Parametername=WWW_V4&Schema=VD_TA_WEB&Source=search.fiw&Aufruf=getMarkupDocument&cSprache=FRE&nF30_KEY=172283&W10_KEY=10550255&nTrefferzeile=15&Template=search/standard/results/document.fiw", "Checksum": "dfc78c125de47b0f89a94bb711e85e18"}, "Scrapedate": "2023-01-01", "Num": ["FI.2014.0132"], "Kopfzeile": [{"Sprachen": ["fr", "de", "it"], "Text": "Vaud Tribunal cantonal Cour de droit administratif et public 04.11.2015 FI.2014.0132"}], "Meta": [{"Sprachen": ["de"], "Text": "Waadt  Cour de droit administratif et public"}, {"Sprachen": ["fr"], "Text": "Vaud Tribunal cantonal Cour de droit administratif et public"}, {"Sprachen": ["it"], "Text": "Vaud  Cour de droit administratif et public"}], "Abstract": [{"Sprachen": ["de", "fr", "it"], "Text": "A. X.________/Administration cantonale des imp\u00f4ts, Administration f\u00e9d\u00e9rale des contributions, Office d'imp\u00f4t du district de la Riviera - Pays-d'Enhaut | Contribuable exploitant un bureau fiduciaire en raison individuelle et ayant exerc\u00e9 des mandats d'administrateur de soci\u00e9t\u00e9s.\rP\u00e9riodes de taxation 2004 \u00e0 2007 d\u00e9finitivement jug\u00e9es (arr\u00eat FI.2013.0059 du 12 d\u00e9cembre 2013; arr\u00eat 2C_34/2014 & 2C_35/2014 du 15 ao\u00fbt 2014).\rPour les p\u00e9riodes 2008 \u00e0 2010, il n'y a pas lieu de revenir sur le refus d\u00e9finitif de prendre en compte une provision constitu\u00e9e pour couvrir un risque de perte priv\u00e9e; le contribuable n'est donc pas fond\u00e9 \u00e0 invoquer un report de pertes des exercices pr\u00e9c\u00e9dents. Le contribuable fait valoir d'autres causes mais d\u2019un point de vue comptable, il est douteux qu\u2019une provision d\u00e9j\u00e0 ouverte puisse \u00eatre affect\u00e9e \u00e0 une cause diff\u00e9rente de celle pour laquelle cette \u00e9criture a \u00e9t\u00e9 comptabilis\u00e9e.\rLes autorit\u00e9s fiscales admettent elles-m\u00eames que la reprise qu\u2019elles avaient op\u00e9r\u00e9e au b\u00e9n\u00e9fice de l\u2019entreprise individuelle du recourant pour d\u00e9terminer son revenu \u00e9tait disproportionn\u00e9e. Annulation de la d\u00e9cision attaqu\u00e9e et renvoi de la cause pour d\u00e9termination du revenu imposable durant les p\u00e9riodes 2008 et 2009. Pour l'ann\u00e9e 2010, il n'y a pas lieu d'op\u00e9rer une reprise au revenu d\u00e9clar\u00e9, le contribuable, d\u00e9sormais retrait\u00e9, n'ayant per\u00e7u un salaire que durant les deux premiers mois de l'ann\u00e9e.\rRecours d\u00e9clar\u00e9 irrecevable par ATF 2C_1098 et 1099/2015 du 10 d\u00e9cembre 2015.\r"}], "ScrapyJob": "446973/40/2238", "Zeit UTC": "10.04.2026 22:38:02", "Checksum": "d2fd99a0c45923c2c17d906ffa4ec873"}