{"Signatur": "VD_TC_031", "Spider": "VD_Omni", "Sprache": "fr", "Datum": "2015-06-10", "HTML": {"Datei": "VD_Omni/VD_TC_031_FI-2014-0146_2015-06-10.html", "URL": "http://www.jurisprudence.vd.ch/scripts/nph-omniscgi.exe?OmnisPlatform=WINDOWS&WebServerUrl=&WebServerScript=/scripts/nph-omniscgi.exe&OmnisLibrary=JURISWEB&OmnisClass=rtFindinfoWebHtmlService&OmnisServer=7001&Parametername=WWW_V4&Schema=VD_TA_WEB&Source=search.fiw&Aufruf=getMarkupDocument&cSprache=FRE&nF30_KEY=171596&W10_KEY=10550255&nTrefferzeile=4&Template=search/standard/results/document.fiw", "Checksum": "48a7884e5ecfc0db4925d8565cde59b9"}, "Scrapedate": "2023-01-01", "Num": ["FI.2014.0146"], "Kopfzeile": [{"Sprachen": ["fr", "de", "it"], "Text": "Vaud Tribunal cantonal Cour de droit administratif et public 10.06.2015 FI.2014.0146"}], "Meta": [{"Sprachen": ["de"], "Text": "Waadt  Cour de droit administratif et public"}, {"Sprachen": ["fr"], "Text": "Vaud Tribunal cantonal Cour de droit administratif et public"}, {"Sprachen": ["it"], "Text": "Vaud  Cour de droit administratif et public"}], "Abstract": [{"Sprachen": ["de", "fr", "it"], "Text": "A.X.________ Y.________, B.X.________/Administration cantonale des imp\u00f4ts, Administration f\u00e9d\u00e9rale des contributions, Office d'imp\u00f4t du district de Nyon | Caract\u00e8re d\u00e9ductible ou non d\u00e9ductible des frais de formation post-grade (MBA, MAS) ? rappel de jurisprudence (consid. 3). Cas d'une math\u00e9maticienne de formation, qui a d\u00e9velopp\u00e9 des comp\u00e9tences dans le domaine de la technologie de l'information, et qui entreprend un \"Program for Executive Development\" (PED) aupr\u00e8s de l'IMD \u00e0 Lausanne, en vue, par la suite, d'obtenir un MBA. En l'occurrence, l'exp\u00e9rience accumul\u00e9e par la recourante dans son cursus professionnel ne lui permettait pas d'assumer toutes les t\u00e2ches de sa nouvelle fonction, \u00e0 raison de ses lacunes dans les domaines de la gestion financi\u00e8re, de la direction, de la planification, de la gestion et de la strat\u00e9gie d'entreprise. Il ne s'agissait pas seulement pour la recourante de conforter sa position fra\u00eechement acquise, mais aussi d'accro\u00eetre sa capacit\u00e9 \u00e0 s'\u00e9lever dans les \u00e9chelons sup\u00e9rieurs de l'entreprise. Les frais relatifs \u00e0 la participation au PED ne sont d\u00e8s lors pas d\u00e9ductibles.\rRecours au Tribunal f\u00e9d\u00e9ral rejet\u00e9 par arr\u00eat du 1er f\u00e9vrier 2016 (2C_588/2015)."}], "ScrapyJob": "446973/40/2238", "Zeit UTC": "10.04.2026 22:45:18", "Checksum": "4f9ee6c482836d05969985d9e8a980a7"}