{"Signatur": "VD_TC_031", "Spider": "VD_Omni", "Sprache": "fr", "Datum": "2016-01-05", "HTML": {"Datei": "VD_Omni/VD_TC_031_FI-2015-0097_2016-01-05.html", "URL": "http://www.jurisprudence.vd.ch/scripts/nph-omniscgi.exe?OmnisPlatform=WINDOWS&WebServerUrl=&WebServerScript=/scripts/nph-omniscgi.exe&OmnisLibrary=JURISWEB&OmnisClass=rtFindinfoWebHtmlService&OmnisServer=7001&Parametername=WWW_V4&Schema=VD_TA_WEB&Source=search.fiw&Aufruf=getMarkupDocument&cSprache=FRE&nF30_KEY=172605&W10_KEY=10550255&nTrefferzeile=21&Template=search/standard/results/document.fiw", "Checksum": "b80b4b502da63f57f1de8fac4dc59003"}, "Scrapedate": "2023-01-01", "Num": ["FI.2015.0097"], "Kopfzeile": [{"Sprachen": ["fr", "de", "it"], "Text": "Vaud Tribunal cantonal Cour de droit administratif et public 05.01.2016 FI.2015.0097"}], "Meta": [{"Sprachen": ["de"], "Text": "Waadt  Cour de droit administratif et public"}, {"Sprachen": ["fr"], "Text": "Vaud Tribunal cantonal Cour de droit administratif et public"}, {"Sprachen": ["it"], "Text": "Vaud  Cour de droit administratif et public"}], "Abstract": [{"Sprachen": ["de", "fr", "it"], "Text": "A. X.________/Administration cantonale des imp\u00f4ts, Administration f\u00e9d\u00e9rale des contributions | Ressortissante communautaire, la recourante a \u00e9t\u00e9 assujettie de fa\u00e7on limit\u00e9e dans le canton et la totalit\u00e9 ou la quasi-totalit\u00e9 (90%) de ses revenus sont r\u00e9alis\u00e9s en Suisse. Par cons\u00e9quent, elle est fond\u00e9e sur le principe \u00e0 revendiquer l\u2019octroi de d\u00e9ductions suppl\u00e9mentaires \u00e0 celles contenues dans les bar\u00e8mes d\u2019imp\u00f4t \u00e0 la source. \rLa recourante n'a cependant fourni aucune indication quelconque sur les revenus qu\u2019elle aurait pu r\u00e9aliser en France, exception faite de l\u2019indemnit\u00e9 de ch\u00f4mage qu\u2019elle a per\u00e7ue. Faute pour la recourante de renseigner de mani\u00e8re compl\u00e8te l\u2019autorit\u00e9 fiscale et de satisfaire \u00e0 son obligation de collaborer \u00e0 la taxation, c\u2019est \u00e0 bon droit que celle-ci a refus\u00e9 d\u2019accueillir sa demande de prise en compte de d\u00e9ductions suppl\u00e9mentaires au bar\u00e8me de l\u2019imp\u00f4t \u00e0 la source.\rRecours au TF rejet\u00e9 par arr\u00eat 2C_140/2016 du 30 mai 2017."}], "ScrapyJob": "446973/40/2238", "Zeit UTC": "10.04.2026 22:34:13", "Checksum": "93e0060ba63d6f1a46d90e2673e8264a"}