{"Signatur": "VD_TC_031", "Spider": "VD_Omni", "Sprache": "fr", "Datum": "2019-04-05", "HTML": {"Datei": "VD_Omni/VD_TC_031_FI-2016-0118_2019-04-05.html", "URL": "http://www.jurisprudence.vd.ch/scripts/nph-omniscgi.exe?OmnisPlatform=WINDOWS&WebServerUrl=&WebServerScript=/scripts/nph-omniscgi.exe&OmnisLibrary=JURISWEB&OmnisClass=rtFindinfoWebHtmlService&OmnisServer=7001&Parametername=WWW_V4&Schema=VD_TA_WEB&Source=search.fiw&Aufruf=getMarkupDocument&cSprache=FRE&nF30_KEY=177495&W10_KEY=10550255&nTrefferzeile=12&Template=search/standard/results/document.fiw", "Checksum": "13ac483dcc3f14c819ca2fab206a34a8"}, "Scrapedate": "2023-01-01", "Num": ["FI.2016.0118"], "Kopfzeile": [{"Sprachen": ["fr", "de", "it"], "Text": "Vaud Tribunal cantonal Cour de droit administratif et public 05.04.2019 FI.2016.0118"}], "Meta": [{"Sprachen": ["de"], "Text": "Waadt  Cour de droit administratif et public"}, {"Sprachen": ["fr"], "Text": "Vaud Tribunal cantonal Cour de droit administratif et public"}, {"Sprachen": ["it"], "Text": "Vaud  Cour de droit administratif et public"}], "Abstract": [{"Sprachen": ["de", "fr", "it"], "Text": "A.________ SA/Administration cantonale des imp\u00f4ts, Administration f\u00e9d\u00e9rale des contributions, Office d'imp\u00f4t des personnes morales | Soci\u00e9t\u00e9 qui recourt contre la d\u00e9cision de l'ACI de reprendre dans son b\u00e9n\u00e9fice imposable une part priv\u00e9e relative aux frais de v\u00e9hicule. Le d\u00e9lai de prescription absolue est atteint s'agissant de la p\u00e9riode fiscale 2003 (consid. 3). Pour d\u00e9terminer la part des frais non justifi\u00e9s commercialement, l'autorit\u00e9 intim\u00e9e pouvait appliquer un ratio tenant compte du nombre de v\u00e9hicules utiles \u00e0 la soci\u00e9t\u00e9, rapport\u00e9 au nombre total des plaques d'immatriculation apparaissant dans la comptabilit\u00e9 de la soci\u00e9t\u00e9. Le ratio retenu doit \u00eatre toutefois modifi\u00e9, les recourants ayant apport\u00e9 la preuve que cinq v\u00e9hicules \u00e9taient utiles \u00e0 l'entreprise sur les neuf en cause, de sorte que la part priv\u00e9e \u00e0 comptabiliser pour toutes les p\u00e9riodes fiscales litigieuses est de 4/9 de l'ensemble des frais de v\u00e9hicule (consid. 4 et 5). Recours admis partiellement.\rRecours au Tribunal f\u00e9d\u00e9ral admis en ce qui concerne la p\u00e9riode fiscale 2006 et rejet\u00e9 pour les autres p\u00e9riodes fiscales (2C_484/2019 du 6 novembre 2019)."}], "ScrapyJob": "446973/40/2238", "Zeit UTC": "10.04.2026 21:54:51", "Checksum": "6171baa2d10470bdb0f34a7a46c22b1b"}