{"Signatur": "VD_TC_031", "Spider": "VD_Omni", "Sprache": "fr", "Datum": "2017-07-13", "HTML": {"Datei": "VD_Omni/VD_TC_031_FI-2016-0129_2017-07-13.html", "URL": "http://www.jurisprudence.vd.ch/scripts/nph-omniscgi.exe?OmnisPlatform=WINDOWS&WebServerUrl=&WebServerScript=/scripts/nph-omniscgi.exe&OmnisLibrary=JURISWEB&OmnisClass=rtFindinfoWebHtmlService&OmnisServer=7001&Parametername=WWW_V4&Schema=VD_TA_WEB&Source=search.fiw&Aufruf=getMarkupDocument&cSprache=FRE&nF30_KEY=174827&W10_KEY=10550255&nTrefferzeile=28&Template=search/standard/results/document.fiw", "Checksum": "6dcd4e9c50fc4cfa0865343b6db82afb"}, "Scrapedate": "2023-01-01", "Num": ["FI.2016.0129"], "Kopfzeile": [{"Sprachen": ["fr", "de", "it"], "Text": "Vaud Tribunal cantonal Cour de droit administratif et public 13.07.2017 FI.2016.0129"}], "Meta": [{"Sprachen": ["de"], "Text": "Waadt  Cour de droit administratif et public"}, {"Sprachen": ["fr"], "Text": "Vaud Tribunal cantonal Cour de droit administratif et public"}, {"Sprachen": ["it"], "Text": "Vaud  Cour de droit administratif et public"}], "Abstract": [{"Sprachen": ["de", "fr", "it"], "Text": "A.________/Administration cantonale des imp\u00f4ts, Municipalit\u00e9 de 1)********, Service cantonal des contributions du canton du Valais, Conseil communal de 2)******** | Contribuable c\u00e9libataire, associ\u00e9 d'une S\u00e0rl \u00e0 Gen\u00e8ve, inscrit en r\u00e9sidence secondaire dans le canton de Vaud, o\u00f9 il habite de mani\u00e8re ininterrompue depuis cinq ans avec sa m\u00e8re durant la semaine tout en enseignant, et nu-propri\u00e9taire d'une maison familiale en Valais. Afin de pouvoir exercer ses deux activit\u00e9s lucratives, le recourant est contraint de ne pas habiter \u00e0 une distance trop \u00e9loign\u00e9e \u00e0 la fois des lieux o\u00f9 il enseigne et de celui o\u00f9 il dirige la S\u00e0rl. Cela exclut qu'il puisse demeurer en Valais durant la semaine. Or, le recourant exer\u00e7ant une activit\u00e9 lucrative d\u00e9pendante, son domicile fiscal se trouve en principe \u00e0 son lieu de travail, soit au lieu \u00e0 partir duquel il exerce quotidiennement son activit\u00e9 lucrative, pour une longue dur\u00e9e ou pour un temps ind\u00e9termin\u00e9, en vue de subvenir \u00e0 ses besoins. La pr\u00e9somption naturelle que son domicile fiscal se trouve dans le canton de Vaud et non en Valais, o\u00f9 il pr\u00e9tend \u00eatre assujetti de mani\u00e8re illimit\u00e9e, n'est pas renvers\u00e9e. Confirmation de son assujettissement illimit\u00e9 dans le canton \u00e0 compter du 1er janvier 2016."}], "ScrapyJob": "446973/40/2238", "Zeit UTC": "10.04.2026 22:10:34", "Checksum": "e6cdf7b8c88ee0e7ed17c28ed082de57"}