{"Signatur": "VD_TC_031", "Spider": "VD_Omni", "Sprache": "fr", "Datum": "2017-08-28", "HTML": {"Datei": "VD_Omni/VD_TC_031_FI-2017-0016_2017-08-28.html", "URL": "http://www.jurisprudence.vd.ch/scripts/nph-omniscgi.exe?OmnisPlatform=WINDOWS&WebServerUrl=&WebServerScript=/scripts/nph-omniscgi.exe&OmnisLibrary=JURISWEB&OmnisClass=rtFindinfoWebHtmlService&OmnisServer=7001&Parametername=WWW_V4&Schema=VD_TA_WEB&Source=search.fiw&Aufruf=getMarkupDocument&cSprache=FRE&nF30_KEY=176108&W10_KEY=10550255&nTrefferzeile=25&Template=search/standard/results/document.fiw", "Checksum": "eb62a6f129db7d7f752a23b6fdbcddfa"}, "Scrapedate": "2023-01-01", "Num": ["FI.2017.0016"], "Kopfzeile": [{"Sprachen": ["fr", "de", "it"], "Text": "Vaud Tribunal cantonal Cour de droit administratif et public 28.08.2017 FI.2017.0016"}], "Meta": [{"Sprachen": ["de"], "Text": "Waadt  Cour de droit administratif et public"}, {"Sprachen": ["fr"], "Text": "Vaud Tribunal cantonal Cour de droit administratif et public"}, {"Sprachen": ["it"], "Text": "Vaud  Cour de droit administratif et public"}], "Abstract": [{"Sprachen": ["de", "fr", "it"], "Text": "A.________/Administration cantonale des imp\u00f4ts, B.________, C.________ | Recourant qui travaille dans le canton de Vaud o\u00f9 il r\u00e9side avec celle qui partage sa vie; il y a doublement lieu de consid\u00e9rer que le centre de ses int\u00e9r\u00eats se situe en territoire vaudois. Le recourant expose toutefois que le centre de ses int\u00e9r\u00eats, soit en particulier sa vie sociale, serait demeur\u00e9 en Valais. Selon ses premi\u00e8res d\u00e9clarations, le recourant passe en moyenne 3 \u00e0 4 nuits par semaine en Valais. Ce nombre est important mais pas majoritaire. De plus, en Valais, le recourant ne s\u00e9journe que chez sa m\u00e8re ou dans une chambre meubl\u00e9e, alors qu'il b\u00e9n\u00e9ficie dans le canton de Vaud d'un tout autre confort dans un appartement de 5 pi\u00e8ces qu'il partage avec sa compagne. En outre, si le recourant entretient des liens \u00e9troits avec le Valais, ceux-ci ne sont pas consid\u00e9rablement plus intenses que ceux d'une personne qui passe ses fins de semaine dans sa r\u00e9sidence secondaire. Au surplus, les consid\u00e9rations subjectives sont sans pertinence. Les circonstances invoqu\u00e9es par le recourant ne sont ainsi pas de nature \u00e0 renverser la pr\u00e9somption selon laquelle son domicile fiscal principal est dans le canton de Vaud. Rejet du recours.\r"}], "ScrapyJob": "446973/40/2238", "Zeit UTC": "10.04.2026 22:09:14", "Checksum": "f127a6818f3d3a12e48a120c8c315540"}