{"Signatur": "VD_TC_031", "Spider": "VD_Omni", "Sprache": "fr", "Datum": "2018-09-27", "HTML": {"Datei": "VD_Omni/VD_TC_031_FI-2017-0092_2018-09-27.html", "URL": "http://www.jurisprudence.vd.ch/scripts/nph-omniscgi.exe?OmnisPlatform=WINDOWS&WebServerUrl=&WebServerScript=/scripts/nph-omniscgi.exe&OmnisLibrary=JURISWEB&OmnisClass=rtFindinfoWebHtmlService&OmnisServer=7001&Parametername=WWW_V4&Schema=VD_TA_WEB&Source=search.fiw&Aufruf=getMarkupDocument&cSprache=FRE&nF30_KEY=176607&W10_KEY=10550255&nTrefferzeile=14&Template=search/standard/results/document.fiw", "Checksum": "219577f21763010d60bde26ff4b3c5a7"}, "Scrapedate": "2023-01-01", "Num": ["FI.2017.0092"], "Kopfzeile": [{"Sprachen": ["fr", "de", "it"], "Text": "Vaud Tribunal cantonal Cour de droit administratif et public 27.09.2018 FI.2017.0092"}], "Meta": [{"Sprachen": ["de"], "Text": "Waadt  Cour de droit administratif et public"}, {"Sprachen": ["fr"], "Text": "Vaud Tribunal cantonal Cour de droit administratif et public"}, {"Sprachen": ["it"], "Text": "Vaud  Cour de droit administratif et public"}], "Abstract": [{"Sprachen": ["de", "fr", "it"], "Text": "A.________/Administration cantonale des imp\u00f4ts, Municipalit\u00e9 de Lausanne, Municipalit\u00e9 d'***, Divisione delle contribuzioni | S\u00e9par\u00e9e de son \u00e9poux, la recourante, qui habite \u00e0 Lausanne depuis douze ans et exer\u00e7ait une activit\u00e9 salari\u00e9e en Suisse Al\u00e9manique, a conserv\u00e9 le domicile conjugal et pris un nouvel emploi pour lequel elle se d\u00e9place en Suisse Romande et en Suisse Al\u00e9manique. Il y a lieu de pr\u00e9sumer que c'est \u00e0 partir de son appartement lausannois qu'elle effectue la majeure partie de ses d\u00e9placements professionnels. La recourante ne d\u00e9montre pas qu'elle entretiendrait avec la commune tessinoise o\u00f9 r\u00e9sident ses parents, des liens plus intenses que ceux ordinairement entretenus avec un lieu de r\u00e9sidence de fin de semaine. C'est par cons\u00e9quent \u00e0 juste titre que son domicile fiscal a \u00e9t\u00e9 fix\u00e9 \u00e0 Lausanne et dans le canton de Vaud au 31 d\u00e9cembre 2016."}], "ScrapyJob": "446973/40/2238", "Zeit UTC": "10.04.2026 21:52:58", "Checksum": "752f52f6b1691eb08615f6533eb08b52"}