{"Signatur": "VD_TC_031", "Spider": "VD_Omni", "Sprache": "fr", "Datum": "2018-05-16", "HTML": {"Datei": "VD_Omni/VD_TC_031_FI-2017-0139_2018-05-16.html", "URL": "http://www.jurisprudence.vd.ch/scripts/nph-omniscgi.exe?OmnisPlatform=WINDOWS&WebServerUrl=&WebServerScript=/scripts/nph-omniscgi.exe&OmnisLibrary=JURISWEB&OmnisClass=rtFindinfoWebHtmlService&OmnisServer=7001&Parametername=WWW_V4&Schema=VD_TA_WEB&Source=search.fiw&Aufruf=getMarkupDocument&cSprache=FRE&nF30_KEY=176003&W10_KEY=10550255&nTrefferzeile=39&Template=search/standard/results/document.fiw", "Checksum": "68667706ae3af0b38552d3dbcd9cbdd5"}, "Scrapedate": "2023-01-01", "Num": ["FI.2017.0139"], "Kopfzeile": [{"Sprachen": ["fr", "de", "it"], "Text": "Vaud Tribunal cantonal Cour de droit administratif et public 16.05.2018 FI.2017.0139"}], "Meta": [{"Sprachen": ["de"], "Text": "Waadt  Cour de droit administratif et public"}, {"Sprachen": ["fr"], "Text": "Vaud Tribunal cantonal Cour de droit administratif et public"}, {"Sprachen": ["it"], "Text": "Vaud  Cour de droit administratif et public"}], "Abstract": [{"Sprachen": ["de", "fr", "it"], "Text": "A.________/Commission communale de recours de la commune de Villars-Epeney, Municipalit\u00e9 de Villars-Epeney | Faute de base l\u00e9gale, l'autorit\u00e9 intim\u00e9e ne pouvait pas percevoir des frais de proc\u00e9dure."}], "ScrapyJob": "446973/40/2238", "Zeit UTC": "10.04.2026 21:57:33", "Checksum": "ae9beac0d0481f898c986d19f19c065f"}