{"Signatur": "VD_TC_031", "Spider": "VD_Omni", "Sprache": "fr", "Datum": "2018-12-06", "HTML": {"Datei": "VD_Omni/VD_TC_031_FI-2017-0148_2018-12-06.html", "URL": "http://www.jurisprudence.vd.ch/scripts/nph-omniscgi.exe?OmnisPlatform=WINDOWS&WebServerUrl=&WebServerScript=/scripts/nph-omniscgi.exe&OmnisLibrary=JURISWEB&OmnisClass=rtFindinfoWebHtmlService&OmnisServer=7001&Parametername=WWW_V4&Schema=VD_TA_WEB&Source=search.fiw&Aufruf=getMarkupDocument&cSprache=FRE&nF30_KEY=176947&W10_KEY=10550255&nTrefferzeile=30&Template=search/standard/results/document.fiw", "Checksum": "daaf8ecc062716fe7977e22b1df3ef94"}, "Scrapedate": "2023-01-01", "Num": ["FI.2017.0148"], "Kopfzeile": [{"Sprachen": ["fr", "de", "it"], "Text": "Vaud Tribunal cantonal Cour de droit administratif et public 06.12.2018 FI.2017.0148"}], "Meta": [{"Sprachen": ["de"], "Text": "Waadt  Cour de droit administratif et public"}, {"Sprachen": ["fr"], "Text": "Vaud Tribunal cantonal Cour de droit administratif et public"}, {"Sprachen": ["it"], "Text": "Vaud  Cour de droit administratif et public"}], "Abstract": [{"Sprachen": ["de", "fr", "it"], "Text": "a.________/Administration cantonale des imp\u00f4ts, COMMUNE DE 1********, COMMUNE DE 2********, Intendance des imp\u00f4ts du canton de Berne | Confirmation de la d\u00e9cision de l'ACI, fixant le domicile fiscal du recourant, c\u00e9libataire et \u00e2g\u00e9 de 32 ans, au lieu o\u00f9 il s\u00e9journe la semaine dans le canton de Vaud pour se rendre \u00e0 son travail dans le canton de Gen\u00e8ve, plut\u00f4t qu'au lieu o\u00f9 il r\u00e9side en fin de semaine dans le canton de Berne. Le recourant ne d\u00e9montre pas qu'il entretiendrait des liens personnels et sociaux particuli\u00e8rement intenses avec la commune bernoise o\u00f9 vivent ses parents, susceptibles de renverser la pr\u00e9somption selon laquelle son domicile se trouve au lieu o\u00f9 il s\u00e9journe durant la semaine. Le fait qu\u2019il ait d\u00e9m\u00e9nag\u00e9 et d\u00e9but\u00e9 un nouvel emploi dans le canton de Berne durant l\u2019automne 2018 ne remet pas en question son assujettissement dans le canton de Vaud jusqu\u2019\u00e0 ce moment-l\u00e0. Recours rejet\u00e9."}], "ScrapyJob": "446973/40/2238", "Zeit UTC": "10.04.2026 21:47:16", "Checksum": "9de3a2c67133ef0c0bad6a828709c43b"}