{"Signatur": "VD_TC_031", "Spider": "VD_Omni", "Sprache": "fr", "Datum": "2018-11-22", "HTML": {"Datei": "VD_Omni/VD_TC_031_FI-2017-0174_2018-11-22.html", "URL": "http://www.jurisprudence.vd.ch/scripts/nph-omniscgi.exe?OmnisPlatform=WINDOWS&WebServerUrl=&WebServerScript=/scripts/nph-omniscgi.exe&OmnisLibrary=JURISWEB&OmnisClass=rtFindinfoWebHtmlService&OmnisServer=7001&Parametername=WWW_V4&Schema=VD_TA_WEB&Source=search.fiw&Aufruf=getMarkupDocument&cSprache=FRE&nF30_KEY=176847&W10_KEY=10550255&nTrefferzeile=25&Template=search/standard/results/document.fiw", "Checksum": "61b1ec5b8bbb1754516242b5454079ec"}, "Scrapedate": "2023-01-01", "Num": ["FI.2017.0174"], "Kopfzeile": [{"Sprachen": ["fr", "de", "it"], "Text": "Vaud Tribunal cantonal Cour de droit administratif et public 22.11.2018 FI.2017.0174"}], "Meta": [{"Sprachen": ["de"], "Text": "Waadt  Cour de droit administratif et public"}, {"Sprachen": ["fr"], "Text": "Vaud Tribunal cantonal Cour de droit administratif et public"}, {"Sprachen": ["it"], "Text": "Vaud  Cour de droit administratif et public"}], "Abstract": [{"Sprachen": ["de", "fr", "it"], "Text": "A.________ /Administration cantonale des imp\u00f4ts, Administration f\u00e9d\u00e9rale des contributions | Caract\u00e8re d\u00e9ductible ou non des frais engag\u00e9s par le recourant pour l'EMBA dispens\u00e9 par l'UNIL. Ancien droit applicable (consid. 3a). Distinction entre frais de perfectionnement professionnel et frais de formation (rappel; consid. 3b et c). En l'esp\u00e8ce, si, au moment d'entreprendre l'EMBA, le recourant disposait incontestablement d'une certaine exp\u00e9rience dans les domaines du management, des finances et de la communication, on ne saurait toutefois consid\u00e9rer que les cours suivis et le dipl\u00f4me obtenu ne tendaient qu'\u00e0 valider des acquis ou actualiser des connaissance. Le co\u00fbt de la formation (34'000 fr.), sa dur\u00e9e (16 mois) et son implication en temps plaident \u00e9galement en faveur d'une formation \u00e0 part enti\u00e8re en vue de favoriser l'ascension professionnelle. Par ailleurs, si l'EMBA n'a pas jou\u00e9 de r\u00f4le dans les promotions du recourant et les augmentations de salaire correspondantes, il ne fait pas de doute que le titre obtenu est de nature \u00e0 am\u00e9liorer ses perspectives de carri\u00e8re sur le moyen et le long terme. Pour ces motifs, c'est \u00e0 juste titre que l'ACI a refus\u00e9 les d\u00e9ductions revendiqu\u00e9es. Recours rejet\u00e9."}], "ScrapyJob": "446973/40/2238", "Zeit UTC": "10.04.2026 21:48:19", "Checksum": "12a35ac8b08d9ed8888d2fd5b2cc032d"}