{"Signatur": "VD_TC_031", "Spider": "VD_Omni", "Sprache": "fr", "Datum": "2020-01-30", "HTML": {"Datei": "VD_Omni/VD_TC_031_FI-2018-0081_2020-01-30.html", "URL": "http://www.jurisprudence.vd.ch/scripts/nph-omniscgi.exe?OmnisPlatform=WINDOWS&WebServerUrl=&WebServerScript=/scripts/nph-omniscgi.exe&OmnisLibrary=JURISWEB&OmnisClass=rtFindinfoWebHtmlService&OmnisServer=7001&Parametername=WWW_V4&Schema=VD_TA_WEB&Source=search.fiw&Aufruf=getMarkupDocument&cSprache=FRE&nF30_KEY=179374&W10_KEY=10550255&nTrefferzeile=2&Template=search/standard/results/document.fiw", "Checksum": "8772d63b0044550b396d1a24a46dabb6"}, "Scrapedate": "2023-01-01", "Num": ["FI.2018.0081"], "Kopfzeile": [{"Sprachen": ["fr", "de", "it"], "Text": "Vaud Tribunal cantonal Cour de droit administratif et public 30.01.2020 FI.2018.0081"}], "Meta": [{"Sprachen": ["de"], "Text": "Waadt  Cour de droit administratif et public"}, {"Sprachen": ["fr"], "Text": "Vaud Tribunal cantonal Cour de droit administratif et public"}, {"Sprachen": ["it"], "Text": "Vaud  Cour de droit administratif et public"}], "Abstract": [{"Sprachen": ["de", "fr", "it"], "Text": "A.________/Administration cantonale des imp\u00f4ts, Administration f\u00e9d\u00e9rale des contributions | Caract\u00e8re d\u00e9ductible des frais de d\u00e9placements professionnels. Le recourant n'\u00e9tablit pas qu'une indemnit\u00e9 pour les frais li\u00e9s aux trajets effectu\u00e9s dans l'exercice de son travail serait incluse dans son salaire annuel brut. Il ne prouve quoi qu'il en soit par l'effectivit\u00e9 de tels frais."}], "ScrapyJob": "446973/40/2238", "Zeit UTC": "10.04.2026 21:34:45", "Checksum": "1c7b92a22179e361cfe0a30bffaa9c50"}