{"Signatur": "VD_TC_031", "Spider": "VD_Omni", "Sprache": "fr", "Datum": "2018-11-06", "HTML": {"Datei": "VD_Omni/VD_TC_031_FI-2018-0091_2018-11-06.html", "URL": "http://www.jurisprudence.vd.ch/scripts/nph-omniscgi.exe?OmnisPlatform=WINDOWS&WebServerUrl=&WebServerScript=/scripts/nph-omniscgi.exe&OmnisLibrary=JURISWEB&OmnisClass=rtFindinfoWebHtmlService&OmnisServer=7001&Parametername=WWW_V4&Schema=VD_TA_WEB&Source=search.fiw&Aufruf=getMarkupDocument&cSprache=FRE&nF30_KEY=176765&W10_KEY=10550255&nTrefferzeile=42&Template=search/standard/results/document.fiw", "Checksum": "3d0bebb079d735c81ecbdfaff81f3059"}, "Scrapedate": "2023-01-01", "Num": ["FI.2018.0091"], "Kopfzeile": [{"Sprachen": ["fr", "de", "it"], "Text": "Vaud Tribunal cantonal Cour de droit administratif et public 06.11.2018 FI.2018.0091"}], "Meta": [{"Sprachen": ["de"], "Text": "Waadt  Cour de droit administratif et public"}, {"Sprachen": ["fr"], "Text": "Vaud Tribunal cantonal Cour de droit administratif et public"}, {"Sprachen": ["it"], "Text": "Vaud  Cour de droit administratif et public"}], "Abstract": [{"Sprachen": ["de", "fr", "it"], "Text": "A.________/Administration cantonale des imp\u00f4ts, Administration f\u00e9d\u00e9rale des contributions | Confirmation de la d\u00e9cision de l'ACI, qui qualifie de commercial l'immeuble utilis\u00e9 par le recourant pour l'exercice de son activit\u00e9 ind\u00e9pendante de psychiatre, s'\u00e9cartant ainsi de la comptabilit\u00e9 du recourant. L'immeuble en question peut \u00eatre qualifi\u00e9 de bien alternatif, d\u00e8s lors qu'il se pr\u00eate aussi bien \u00e0 une utilisation priv\u00e9e que commerciale. Son affectation d\u00e9pend d\u00e8s lors de la volont\u00e9 du contribuable, qui doit toutefois se manifester de mani\u00e8re objective. Le traitement comptable de l'immeuble importe en l'occurrence peu, d\u00e8s lors que, du fait de son utilisation exclusive en tant que cabinet m\u00e9dical, l'immeuble en cause sert incontestablement les int\u00e9r\u00eats de l'activit\u00e9 de psychiatre du recourant. Recours rejet\u00e9.\rRecours au Tribunal f\u00e9d\u00e9ral rejet\u00e9 par arr\u00eat du 23 avril 2019 (2C_1083/2018)."}], "ScrapyJob": "446973/40/2238", "Zeit UTC": "10.04.2026 21:48:25", "Checksum": "3c6388e21b2c721995509ad3ff3cc6d7"}