{"Signatur": "VD_TC_031", "Spider": "VD_Omni", "Sprache": "fr", "Datum": "2018-11-23", "HTML": {"Datei": "VD_Omni/VD_TC_031_FI-2018-0102_2018-11-23.html", "URL": "http://www.jurisprudence.vd.ch/scripts/nph-omniscgi.exe?OmnisPlatform=WINDOWS&WebServerUrl=&WebServerScript=/scripts/nph-omniscgi.exe&OmnisLibrary=JURISWEB&OmnisClass=rtFindinfoWebHtmlService&OmnisServer=7001&Parametername=WWW_V4&Schema=VD_TA_WEB&Source=search.fiw&Aufruf=getMarkupDocument&cSprache=FRE&nF30_KEY=176858&W10_KEY=10550255&nTrefferzeile=14&Template=search/standard/results/document.fiw", "Checksum": "560054b963739b305228db4399349170"}, "Scrapedate": "2023-01-01", "Num": ["FI.2018.0102"], "Kopfzeile": [{"Sprachen": ["fr", "de", "it"], "Text": "Vaud Tribunal cantonal Cour de droit administratif et public 23.11.2018 FI.2018.0102"}], "Meta": [{"Sprachen": ["de"], "Text": "Waadt  Cour de droit administratif et public"}, {"Sprachen": ["fr"], "Text": "Vaud Tribunal cantonal Cour de droit administratif et public"}, {"Sprachen": ["it"], "Text": "Vaud  Cour de droit administratif et public"}], "Abstract": [{"Sprachen": ["de", "fr", "it"], "Text": "A.________, B.________/Administration cantonale des imp\u00f4ts, Office d'imp\u00f4t des districts de Lausanne et Ouest lausannois, Administration f\u00e9d\u00e9rale des contributions | Confirmation de la d\u00e9cision de l'ACI, refusant la d\u00e9duction des frais professionnels revendiqu\u00e9e par les contribuables. La date du paiement est d\u00e9terminante pour la r\u00e9alisation des frais de formation (consid. 3). Lesdits frais ayant \u00e9t\u00e9 acquitt\u00e9s en 2015, leur d\u00e9ductibilit\u00e9 doit s'analyser \u00e0 l'aune de la r\u00e9glementation en vigueur jusqu'au 31 d\u00e9cembre 2015. Seuls peuvent ainsi \u00eatre d\u00e9duits les frais de perfectionnement et de reconversion professionnelle, \u00e0 l'exception des frais de formation proprement dits. En l'occurrence, les recourants n'ont pas d\u00e9montr\u00e9, conform\u00e9ment \u00e0 leur obligation de collaborer, qu'un CAS en r\u00e9gulation des march\u00e9s financiers \u00e9tait directement en rapport avec l'activit\u00e9 de greffi\u00e8re (consid. 4). C'est \u00e9galement \u00e0 juste titre que l'ACI a limit\u00e9 la d\u00e9duction des frais de transports au co\u00fbt de l'abonnement g\u00e9n\u00e9ral pour les transports publics, le gain de temps r\u00e9alis\u00e9 au moyen d'un v\u00e9hicule priv\u00e9 n'\u00e9tant pas significatif (consid. 5). Recours rejet\u00e9.\rRecours au TF rejet\u00e9 par arr\u00eat du 30 mars 2020 (9C_51/2019).\r\r"}], "ScrapyJob": "446973/40/2238", "Zeit UTC": "10.04.2026 21:53:28", "Checksum": "086816a4ef2a007c8b8840042cd062bf"}