{"Signatur": "VD_TC_031", "Spider": "VD_Omni", "Sprache": "fr", "Datum": "2019-03-26", "HTML": {"Datei": "VD_Omni/VD_TC_031_FI-2018-0162_2019-03-26.html", "URL": "http://www.jurisprudence.vd.ch/scripts/nph-omniscgi.exe?OmnisPlatform=WINDOWS&WebServerUrl=&WebServerScript=/scripts/nph-omniscgi.exe&OmnisLibrary=JURISWEB&OmnisClass=rtFindinfoWebHtmlService&OmnisServer=7001&Parametername=WWW_V4&Schema=VD_TA_WEB&Source=search.fiw&Aufruf=getMarkupDocument&cSprache=FRE&nF30_KEY=177424&W10_KEY=10550255&nTrefferzeile=32&Template=search/standard/results/document.fiw", "Checksum": "64679fb69bf88554973c1f1b6637d198"}, "Scrapedate": "2023-01-01", "Num": ["FI.2018.0162"], "Kopfzeile": [{"Sprachen": ["fr", "de", "it"], "Text": "Vaud Tribunal cantonal Cour de droit administratif et public 26.03.2019 FI.2018.0162"}], "Meta": [{"Sprachen": ["de"], "Text": "Waadt  Cour de droit administratif et public"}, {"Sprachen": ["fr"], "Text": "Vaud Tribunal cantonal Cour de droit administratif et public"}, {"Sprachen": ["it"], "Text": "Vaud  Cour de droit administratif et public"}], "Abstract": [{"Sprachen": ["de", "fr", "it"], "Text": "A.________/Administration cantonale des imp\u00f4ts, Commune de 1********, Service cantonal des contributions du canton du Valais, Municipalit\u00e9 de 2********, Administration f\u00e9d\u00e9rale des contributions | Confirmation de la d\u00e9cision de l'ACI, fixant le domicile fiscal d'une contribuable c\u00e9libataire et \u00e2g\u00e9e de 29 ans au lieu o\u00f9 elle vit et travaille la semaine dans le canton de Vaud, plut\u00f4t qu'au lieu o\u00f9 elle r\u00e9side en fin de semaine dans le canton du Valais. La recourante ne d\u00e9montre pas qu'elle entretiendrait des liens personnels et sociaux particuli\u00e8rement intenses avec la commune valaisanne o\u00f9 vivent ses parents, susceptibles de renverser la pr\u00e9somption selon laquelle son domicile se trouve au lieu o\u00f9 elle s\u00e9journe durant la semaine. Le fait qu\u2019elle ait d\u00e9m\u00e9nag\u00e9 et d\u00e9but\u00e9 un nouvel emploi dans le canton du Valais en d\u00e9but d'ann\u00e9e 2019 ne remet pas en question son assujettissement dans le canton de Vaud jusqu\u2019\u00e0 ce moment-l\u00e0. Recours rejet\u00e9."}], "ScrapyJob": "446973/40/2238", "Zeit UTC": "10.04.2026 21:43:25", "Checksum": "9c991f74bb26e0f3080c26550f163671"}