{"Signatur": "VD_TC_031", "Spider": "VD_Omni", "Sprache": "fr", "Datum": "2020-04-09", "HTML": {"Datei": "VD_Omni/VD_TC_031_FI-2018-0164_2020-04-09.html", "URL": "http://www.jurisprudence.vd.ch/scripts/nph-omniscgi.exe?OmnisPlatform=WINDOWS&WebServerUrl=&WebServerScript=/scripts/nph-omniscgi.exe&OmnisLibrary=JURISWEB&OmnisClass=rtFindinfoWebHtmlService&OmnisServer=7001&Parametername=WWW_V4&Schema=VD_TA_WEB&Source=search.fiw&Aufruf=getMarkupDocument&cSprache=FRE&nF30_KEY=178877&W10_KEY=10550255&nTrefferzeile=1&Template=search/standard/results/document.fiw", "Checksum": "2e7023d8a63f44e5e881e7064468b713"}, "Scrapedate": "2026-04-10", "Num": ["FI.2018.0164"], "Kopfzeile": [{"Sprachen": ["fr", "de", "it"], "Text": "Vaud Tribunal cantonal Cour de droit administratif et public 09.04.2020 FI.2018.0164"}], "Meta": [{"Sprachen": ["de"], "Text": "Waadt  Cour de droit administratif et public"}, {"Sprachen": ["fr"], "Text": "Vaud Tribunal cantonal Cour de droit administratif et public"}, {"Sprachen": ["it"], "Text": "Vaud  Cour de droit administratif et public"}], "Abstract": [{"Sprachen": ["de", "fr", "it"], "Text": "A.________/Administration cantonale des imp\u00f4ts, Service cantonal des contributions du canton du Valais | Taxation par le canton de Vaud, canton du domicile accessoire, de fondations pratiquant l'assurance-maladie compl\u00e9mentaire, ayant leur si\u00e8ge ou leur administration effective en Valais.\rLa r\u00e9serve figurant au verso de certaines d\u00e9cisions de taxation des autorit\u00e9s fiscales vaudoises (\"Sans changement. Taxation sur la base des \u00e9l\u00e9ments d\u00e9clar\u00e9s. En cas de modification ult\u00e9rieure de vos \u00e9l\u00e9ments par le canton du si\u00e8ge, une nouvelle d\u00e9cision pourra \u00eatre rendue\") signifie que la taxation a \u00e9t\u00e9 effectu\u00e9e sur la base des \u00e9l\u00e9ments d\u00e9clar\u00e9s par le contribuable et que, pour le cas o\u00f9 la taxation par le canton du si\u00e8ge ferait appara\u00eetre d'autres \u00e9l\u00e9ments que ceux d\u00e9clar\u00e9s, l'autorit\u00e9 fiscale se r\u00e9servait de rendre une nouvelle d\u00e9cision tenant compte de ces nouveaux \u00e9l\u00e9ments. Elle ne signifie pas que l'autorit\u00e9 fiscale se serait engag\u00e9e, en vue d'\u00e9viter une double imposition, \u00e0 adapter sa taxation pour le cas o\u00f9 le canton du si\u00e8ge ou de l'administration effective modifierait ult\u00e9rieurement les bases de la r\u00e9partition intercantonale. Rejet du recours. \rRecours en mati\u00e8re de droit public au TF rejet\u00e9 par arr\u00eat 2C_398/2020 du 5 f\u00e9vrier 2021."}], "ScrapyJob": "446973/40/2238", "Zeit UTC": "10.04.2026 21:30:01", "Checksum": "51990109363ff7d009fbef5fb3e932dd"}