{"Signatur": "VD_TC_031", "Spider": "VD_Omni", "Sprache": "fr", "Datum": "2019-09-24", "HTML": {"Datei": "VD_Omni/VD_TC_031_FI-2018-0181_2019-09-24.html", "URL": "http://www.jurisprudence.vd.ch/scripts/nph-omniscgi.exe?OmnisPlatform=WINDOWS&WebServerUrl=&WebServerScript=/scripts/nph-omniscgi.exe&OmnisLibrary=JURISWEB&OmnisClass=rtFindinfoWebHtmlService&OmnisServer=7001&Parametername=WWW_V4&Schema=VD_TA_WEB&Source=search.fiw&Aufruf=getMarkupDocument&cSprache=FRE&nF30_KEY=178168&W10_KEY=10550255&nTrefferzeile=14&Template=search/standard/results/document.fiw", "Checksum": "efcbe2d26340561d5b25766fc700a64d"}, "Scrapedate": "2023-01-01", "Num": ["FI.2018.0181"], "Kopfzeile": [{"Sprachen": ["fr", "de", "it"], "Text": "Vaud Tribunal cantonal Cour de droit administratif et public 24.09.2019 FI.2018.0181"}], "Meta": [{"Sprachen": ["de"], "Text": "Waadt  Cour de droit administratif et public"}, {"Sprachen": ["fr"], "Text": "Vaud Tribunal cantonal Cour de droit administratif et public"}, {"Sprachen": ["it"], "Text": "Vaud  Cour de droit administratif et public"}], "Abstract": [{"Sprachen": ["de", "fr", "it"], "Text": "A.________ /Administration cantonale des imp\u00f4ts, Municipalit\u00e9 de St-Prex, Gemeinde Bonstetten, Kantonales Steueramt Z\u00fcrich | Confirmation de la d\u00e9cision de l'ACI, fixant pour l'ann\u00e9e 2018 le domicile fiscal d'une contribuable divorc\u00e9e et \u00e2g\u00e9e de plus de 40 ans au lieu o\u00f9 elle vit la semaine (dans un appartement de 4,5 ou 5,5 pi\u00e9ces) dans le canton de Vaud pour aller travailler (\u00e0 plein temps depuis janvier 2015) dans une entreprise qui a son si\u00e8ge social dans ce m\u00eame canton o\u00f9 elle a par ailleurs acquis un bien-fonds dans lequel elle entend emm\u00e9nager en 2019. D\u00e8s lors, pas de domicile fiscal dans la commune du canton de Zurich o\u00f9 vit sa m\u00e8re et o\u00f9 la contribuable s'est inscrite en 2015, m\u00eame si elle avait v\u00e9cu auparavant presque toujours dans le canton de Zurich avant de venir travailler pour l'entreprise vaudoise et m\u00eame si elle voyage beaucoup pour son travail et qu'elle passe les fins de semaine dans le canton de Zurich."}], "ScrapyJob": "446973/40/2238", "Zeit UTC": "10.04.2026 21:38:06", "Checksum": "0e06cd51d48f89f95005d1f8670a507a"}