{"Signatur": "VD_TC_031", "Spider": "VD_Omni", "Sprache": "fr", "Datum": "2019-10-22", "HTML": {"Datei": "VD_Omni/VD_TC_031_FI-2018-0191_2019-10-22.html", "URL": "http://www.jurisprudence.vd.ch/scripts/nph-omniscgi.exe?OmnisPlatform=WINDOWS&WebServerUrl=&WebServerScript=/scripts/nph-omniscgi.exe&OmnisLibrary=JURISWEB&OmnisClass=rtFindinfoWebHtmlService&OmnisServer=7001&Parametername=WWW_V4&Schema=VD_TA_WEB&Source=search.fiw&Aufruf=getMarkupDocument&cSprache=FRE&nF30_KEY=178259&W10_KEY=10550255&nTrefferzeile=39&Template=search/standard/results/document.fiw", "Checksum": "f1ccd0a119c1f2688a9177efbfe37271"}, "Scrapedate": "2023-01-01", "Num": ["FI.2018.0191"], "Kopfzeile": [{"Sprachen": ["fr", "de", "it"], "Text": "Vaud Tribunal cantonal Cour de droit administratif et public 22.10.2019 FI.2018.0191"}], "Meta": [{"Sprachen": ["de"], "Text": "Waadt  Cour de droit administratif et public"}, {"Sprachen": ["fr"], "Text": "Vaud Tribunal cantonal Cour de droit administratif et public"}, {"Sprachen": ["it"], "Text": "Vaud  Cour de droit administratif et public"}], "Abstract": [{"Sprachen": ["de", "fr", "it"], "Text": "A.________/Administration cantonale des imp\u00f4ts, Municipalit\u00e9 de Massagno, Commune de Lausanne, Divisione delle contribuzioni | Confirmation de la d\u00e9cision de l'ACI fixant le domicile fiscal d\u00e8s 2018 d'un c\u00e9libataire d'un peu plus de trente ans au lieu depuis o\u00f9 il se rend \u00e0 son travail \u00e0 Gen\u00e8ve (avec un taux d'activit\u00e9 de 80% r\u00e9parti sur quatre jours) et non pas dans le canton o\u00f9 il a grandi et o\u00f9 vivent ses parents et sa copine. Le recourant n'a jamais fait m\u00e9nage commun avec sa copine, pas non plus pendant les quatre ans lorsqu'il effectuait un stage et des brefs emplois dans son canton d'origine, entre ses \u00e9tudes universitaires \u00e0 Lausanne et son retour dans le Canton de Vaud en 2016. Il revendiquait le maintien de son domicile fiscal dans la commune o\u00f9 vivent ses parents et non pas dans celle o\u00f9 vit sa copine. Le recourant, au b\u00e9n\u00e9fice d'un contrat de travail \u00e0 dur\u00e9e ind\u00e9termin\u00e9e \u00e0 Gen\u00e8ve, invoque vouloir retourner travailler dans son canton d'origine, mais n'y a pas encore trouv\u00e9 d'emploi. La prise d'emploi \u00e0 Gen\u00e8ve relevait de son libre choix.\rRecours au TF rejet\u00e9 par arr\u00eat 2C_994/2019 du 8 juin 2020."}], "ScrapyJob": "446973/40/2238", "Zeit UTC": "10.04.2026 21:36:11", "Checksum": "9a1e6ab96ba533a950b2e80ce1ab6e0b"}