{"Signatur": "VD_TC_031", "Spider": "VD_Omni", "Sprache": "fr", "Datum": "2019-12-19", "HTML": {"Datei": "VD_Omni/VD_TC_031_FI-2019-0031_2019-12-19.html", "URL": "http://www.jurisprudence.vd.ch/scripts/nph-omniscgi.exe?OmnisPlatform=WINDOWS&WebServerUrl=&WebServerScript=/scripts/nph-omniscgi.exe&OmnisLibrary=JURISWEB&OmnisClass=rtFindinfoWebHtmlService&OmnisServer=7001&Parametername=WWW_V4&Schema=VD_TA_WEB&Source=search.fiw&Aufruf=getMarkupDocument&cSprache=FRE&nF30_KEY=178545&W10_KEY=10550255&nTrefferzeile=21&Template=search/standard/results/document.fiw", "Checksum": "12dbc9cdcccd8079c63dd5b616f64ebf"}, "Scrapedate": "2026-04-10", "Num": ["FI.2019.0031"], "Kopfzeile": [{"Sprachen": ["fr", "de", "it"], "Text": "Vaud Tribunal cantonal Cour de droit administratif et public 19.12.2019 FI.2019.0031"}], "Meta": [{"Sprachen": ["de"], "Text": "Waadt  Cour de droit administratif et public"}, {"Sprachen": ["fr"], "Text": "Vaud Tribunal cantonal Cour de droit administratif et public"}, {"Sprachen": ["it"], "Text": "Vaud  Cour de droit administratif et public"}], "Abstract": [{"Sprachen": ["de", "fr", "it"], "Text": "A.________/Administration cantonale des imp\u00f4ts, Administration f\u00e9d\u00e9rale des contributions | D\u00e9ductibilit\u00e9 des frais d'entretien d'immeuble et des int\u00e9r\u00eats hypoth\u00e9caires (consid. 4). Selon la jurisprudence, en cas de propri\u00e9t\u00e9 collective sur un immeuble, les frais d'acquisition du revenu sont d\u00e9ductibles chez chacun des copropri\u00e9taires ou propri\u00e9taires communs, mais uniquement \u00e0 hauteur de leur participation dans la propri\u00e9t\u00e9 collective; d'autres conventions de r\u00e9partion ne sont pas admises fiscalement. En l'esp\u00e8ce, lors des p\u00e9riodes ligieuses, le recourant \u00e9tait copropri\u00e9taire par moiti\u00e9 avec son \u00e9pouse de la maison familiale. Il ne pouvait d\u00e8s lors pr\u00e9tendre qu'\u00e0 la d\u00e9duction des moiti\u00e9s des frais d'entretien d'immeuble et des int\u00e9r\u00eats hypoth\u00e9caires. Le fait qu'il en a assum\u00e9 seul la charge depuis la s\u00e9paration du couple n'est pas d\u00e9terminant.\rRecours au Tribunal f\u00e9d\u00e9ral retir\u00e9 (Ordonnance 2C_12/2020 du 3 f\u00e9vrier 2020)."}], "ScrapyJob": "446973/40/2238", "Zeit UTC": "10.04.2026 21:33:58", "Checksum": "1e832410e11a1cbb7d7bb35331e784b6"}