{"Signatur": "VD_TC_031", "Spider": "VD_Omni", "Sprache": "fr", "Datum": "2020-06-26", "HTML": {"Datei": "VD_Omni/VD_TC_031_FI-2019-0085_2020-06-26.html", "URL": "http://www.jurisprudence.vd.ch/scripts/nph-omniscgi.exe?OmnisPlatform=WINDOWS&WebServerUrl=&WebServerScript=/scripts/nph-omniscgi.exe&OmnisLibrary=JURISWEB&OmnisClass=rtFindinfoWebHtmlService&OmnisServer=7001&Parametername=WWW_V4&Schema=VD_TA_WEB&Source=search.fiw&Aufruf=getMarkupDocument&cSprache=FRE&nF30_KEY=179215&W10_KEY=10550255&nTrefferzeile=33&Template=search/standard/results/document.fiw", "Checksum": "3aafefe66efc9802085e303bf1f34dc4"}, "Scrapedate": "2023-01-01", "Num": ["FI.2019.0085"], "Kopfzeile": [{"Sprachen": ["fr", "de", "it"], "Text": "Vaud Tribunal cantonal Cour de droit administratif et public 26.06.2020 FI.2019.0085"}], "Meta": [{"Sprachen": ["de"], "Text": "Waadt  Cour de droit administratif et public"}, {"Sprachen": ["fr"], "Text": "Vaud Tribunal cantonal Cour de droit administratif et public"}, {"Sprachen": ["it"], "Text": "Vaud  Cour de droit administratif et public"}], "Abstract": [{"Sprachen": ["de", "fr", "it"], "Text": "A.________/Administration cantonale des imp\u00f4ts, Administration f\u00e9d\u00e9rale des contributions | Prescription du droit de taxer. Le d\u00e9lai de prescription absolue de 15 ans est arriv\u00e9 \u00e0 \u00e9ch\u00e9ance pendant la proc\u00e9dure de recours. La prescription du droit de taxer doit \u00eatre constat\u00e9e d'office, ce qui conduit \u00e0 l'annulation de la d\u00e9cision attaqu\u00e9e qui portait sur une seule p\u00e9riode fiscale, sans qu'il soit n\u00e9cessaire d'examiner les griefs soulev\u00e9s par le recourant."}], "ScrapyJob": "446973/40/2238", "Zeit UTC": "10.04.2026 21:26:45", "Checksum": "dd19ec9bfe3aafdfdcf635ff432bec36"}