{"Signatur": "VD_TC_031", "Spider": "VD_Omni", "Sprache": "fr", "Datum": "2020-12-03", "HTML": {"Datei": "VD_Omni/VD_TC_031_FI-2019-0156_2020-12-03.html", "URL": "http://www.jurisprudence.vd.ch/scripts/nph-omniscgi.exe?OmnisPlatform=WINDOWS&WebServerUrl=&WebServerScript=/scripts/nph-omniscgi.exe&OmnisLibrary=JURISWEB&OmnisClass=rtFindinfoWebHtmlService&OmnisServer=7001&Parametername=WWW_V4&Schema=VD_TA_WEB&Source=search.fiw&Aufruf=getMarkupDocument&cSprache=FRE&nF30_KEY=179777&W10_KEY=10550255&nTrefferzeile=34&Template=search/standard/results/document.fiw", "Checksum": "51e59e99d564f2ff72fb50be7c49f592"}, "Scrapedate": "2023-01-01", "Num": ["FI.2019.0156"], "Kopfzeile": [{"Sprachen": ["fr", "de", "it"], "Text": "Vaud Tribunal cantonal Cour de droit administratif et public 03.12.2020 FI.2019.0156"}], "Meta": [{"Sprachen": ["de"], "Text": "Waadt  Cour de droit administratif et public"}, {"Sprachen": ["fr"], "Text": "Vaud Tribunal cantonal Cour de droit administratif et public"}, {"Sprachen": ["it"], "Text": "Vaud  Cour de droit administratif et public"}], "Abstract": [{"Sprachen": ["de", "fr", "it"], "Text": "A.________ /Administration cantonale des imp\u00f4ts, Administration f\u00e9d\u00e9rale des contributions | La recourante n'a pas pu \u00e9tablir que ses frais professionnels effectifs \u00e9taient plus \u00e9lev\u00e9s que le forfait de 2'000 fr. retenu par l'autorit\u00e9 intim\u00e9e pour la p\u00e9riode fiscale 2016 (c. 5f). Elle n'a pas non plus apport\u00e9 la preuve de frais sup\u00e9rieurs \u00e0 ceux retenus par l'autorit\u00e9 intim\u00e9e au titre des frais de perfectionnement et de formation pour une formation d'assistante en soins et sant\u00e9 communautaire (c. 5g). Recours rejet\u00e9."}], "ScrapyJob": "446973/40/2238", "Zeit UTC": "10.04.2026 21:21:37", "Checksum": "f1fb72d1c0b172fdffbed44606a562ac"}