{"Signatur": "VD_TC_031", "Spider": "VD_Omni", "Sprache": "fr", "Datum": "2020-12-04", "HTML": {"Datei": "VD_Omni/VD_TC_031_FI-2019-0184_2020-12-04.html", "URL": "http://www.jurisprudence.vd.ch/scripts/nph-omniscgi.exe?OmnisPlatform=WINDOWS&WebServerUrl=&WebServerScript=/scripts/nph-omniscgi.exe&OmnisLibrary=JURISWEB&OmnisClass=rtFindinfoWebHtmlService&OmnisServer=7001&Parametername=WWW_V4&Schema=VD_TA_WEB&Source=search.fiw&Aufruf=getMarkupDocument&cSprache=FRE&nF30_KEY=179787&W10_KEY=10550255&nTrefferzeile=24&Template=search/standard/results/document.fiw", "Checksum": "5f3a58c0e6ab5a7ae58b54cce37f4a17"}, "Scrapedate": "2023-01-01", "Num": ["FI.2019.0184"], "Kopfzeile": [{"Sprachen": ["fr", "de", "it"], "Text": "Vaud Tribunal cantonal Cour de droit administratif et public 04.12.2020 FI.2019.0184"}], "Meta": [{"Sprachen": ["de"], "Text": "Waadt  Cour de droit administratif et public"}, {"Sprachen": ["fr"], "Text": "Vaud Tribunal cantonal Cour de droit administratif et public"}, {"Sprachen": ["it"], "Text": "Vaud  Cour de droit administratif et public"}], "Abstract": [{"Sprachen": ["de", "fr", "it"], "Text": "A.________, B.________/Administration cantonale des imp\u00f4ts, Administration f\u00e9d\u00e9rale des contributions, Office d'imp\u00f4t des districts du Jura-Nord vaudois et Broye-Vully | Contribuables qui recourent contre la d\u00e9cision de l'ACI de les imposer pour le revenu per\u00e7u \u00e0 titre de distribution dissimul\u00e9e de dividende (parts priv\u00e9es \u00e9tablies dans le cadre de l'affaire connexe FI.2019.0183 s'agissant de la soci\u00e9t\u00e9 dont l'un des contribuables est le seul actionnaire). En vertu de la th\u00e9orie du triangle, dont il n'y a pas de raison de s'\u00e9carter, les montants dont ont b\u00e9n\u00e9fici\u00e9 l'actionnaire et son \u00e9pouse doivent \u00eatre consid\u00e9r\u00e9s comme une distribution dissimul\u00e9e de dividende et \u00eatre d\u00e8s lors impos\u00e9s \u00e0 titre de revenu provenant de la fortune mobili\u00e8re de l'actionnaire. Confirmation, sous r\u00e9serve de l'adaptation du montant de la reprise, de la d\u00e9cision attaqu\u00e9e. Reformatio in pejus de la d\u00e9cision attaqu\u00e9e s'agissant de la p\u00e9riode fiscale en cause.\rRecours au TF d\u00e9clar\u00e9 irrecevable (2C_10/2021 du 8 janvier 2021)."}], "ScrapyJob": "446973/40/2238", "Zeit UTC": "10.04.2026 21:21:42", "Checksum": "4e4479c316e4eb48f04ede7b621c178b"}