{"Signatur": "VD_TC_031", "Spider": "VD_Omni", "Sprache": "fr", "Datum": "2021-06-21", "HTML": {"Datei": "VD_Omni/VD_TC_031_FI-2019-0200_2021-06-21.html", "URL": "http://www.jurisprudence.vd.ch/scripts/nph-omniscgi.exe?OmnisPlatform=WINDOWS&WebServerUrl=&WebServerScript=/scripts/nph-omniscgi.exe&OmnisLibrary=JURISWEB&OmnisClass=rtFindinfoWebHtmlService&OmnisServer=7001&Parametername=WWW_V4&Schema=VD_TA_WEB&Source=search.fiw&Aufruf=getMarkupDocument&cSprache=FRE&nF30_KEY=180466&W10_KEY=10550255&nTrefferzeile=19&Template=search/standard/results/document.fiw", "Checksum": "966cf5e70daa5ba14e847c126320078d"}, "Scrapedate": "2023-01-01", "Num": ["FI.2019.0200"], "Kopfzeile": [{"Sprachen": ["fr", "de", "it"], "Text": "Vaud Tribunal cantonal Cour de droit administratif et public 21.06.2021 FI.2019.0200"}], "Meta": [{"Sprachen": ["de"], "Text": "Waadt  Cour de droit administratif et public"}, {"Sprachen": ["fr"], "Text": "Vaud Tribunal cantonal Cour de droit administratif et public"}, {"Sprachen": ["it"], "Text": "Vaud  Cour de droit administratif et public"}], "Abstract": [{"Sprachen": ["de", "fr", "it"], "Text": "A.________/Administration cantonale des imp\u00f4ts, Office d'imp\u00f4t des districts de Nyon et Morges, Administration f\u00e9d\u00e9rale des contributions | Chercheur engag\u00e9 \u00e0 l'EPFL en 2012, pour une dur\u00e9e d'une ann\u00e9e, prolong\u00e9e \u00e0 plusieurs reprises. Il pr\u00e9tend \u00e0 la d\u00e9duction forfaitaire annuelle de 18'000 fr. pour frais professionnels des expatri\u00e9s, en faisant valoir qu'il est un sp\u00e9cialiste pr\u00e9sent en Suisse pour une dur\u00e9e limit\u00e9e, qui conserve sa r\u00e9sidence permanente dans son pays d'origine (la Belgique). L'ordonnance f\u00e9d\u00e9rale concernant les expatri\u00e9s (Oexpa) doit \u00eatre prise en compte non seulement pour l'imp\u00f4t f\u00e9d\u00e9ral, mais aussi pour l'imp\u00f4t cantonal et communal (consid. 3c). Le centre des int\u00e9r\u00eats vitaux du recourant se trouve en Suisse, o\u00f9 il est imposable de mani\u00e8re illimit\u00e9e aussi au regard de la CDI CH-Belgique (consid. 5). Notion de frais d'acquisition du revenu en g\u00e9n\u00e9ral (consid. 6b). Notion d'expatri\u00e9 (consid. 7b/aa). Le recourant se pr\u00e9vaut en particulier de ce que, dans son ancienne teneur encore applicable en l'esp\u00e8ce aux p\u00e9riodes 2014 et 2015, l'Oexpa n'exigeait pas, s'agissant des sp\u00e9cialistes, qu'ils soient d\u00e9tach\u00e9s en Suisse. Toutefois, ind\u00e9pendamment de la question du d\u00e9tachement, la d\u00e9duction revendiqu\u00e9e supposait d\u00e9j\u00e0 que le contribuable ait des frais de logement particuliers du fait du maintien de la r\u00e9sidence habituelle \u00e0 l'\u00e9tranger, sous la forme d'un logement permanent destin\u00e9 \u00e0 son usage personnel. Or, en l'occurrence, s'il a produit une attestation de r\u00e9sidence en Belgique, le recourant n'a pas d\u00e9montr\u00e9 ni m\u00eame all\u00e9gu\u00e9 qu'il conservait un tel logement \u00e0 l'adresse de sa r\u00e9sidence. Rejet du recours."}], "ScrapyJob": "446973/40/2238", "Zeit UTC": "10.04.2026 21:15:10", "Checksum": "38f9b95e6c93a6634265edb7e206cf94"}