{"Signatur": "VD_TC_031", "Spider": "VD_Omni", "Sprache": "fr", "Datum": "2020-07-16", "HTML": {"Datei": "VD_Omni/VD_TC_031_FI-2020-0027_2020-07-16.html", "URL": "http://www.jurisprudence.vd.ch/scripts/nph-omniscgi.exe?OmnisPlatform=WINDOWS&WebServerUrl=&WebServerScript=/scripts/nph-omniscgi.exe&OmnisLibrary=JURISWEB&OmnisClass=rtFindinfoWebHtmlService&OmnisServer=7001&Parametername=WWW_V4&Schema=VD_TA_WEB&Source=search.fiw&Aufruf=getMarkupDocument&cSprache=FRE&nF30_KEY=179274&W10_KEY=10550255&nTrefferzeile=27&Template=search/standard/results/document.fiw", "Checksum": "91d9134bf54f69448b58aada4802efeb"}, "Scrapedate": "2023-01-01", "Num": ["FI.2020.0027"], "Kopfzeile": [{"Sprachen": ["fr", "de", "it"], "Text": "Vaud Tribunal cantonal Cour de droit administratif et public 16.07.2020 FI.2020.0027"}], "Meta": [{"Sprachen": ["de"], "Text": "Waadt  Cour de droit administratif et public"}, {"Sprachen": ["fr"], "Text": "Vaud Tribunal cantonal Cour de droit administratif et public"}, {"Sprachen": ["it"], "Text": "Vaud  Cour de droit administratif et public"}], "Abstract": [{"Sprachen": ["de", "fr", "it"], "Text": "A.________/Administration cantonale des imp\u00f4ts, Administration f\u00e9d\u00e9rale des contributions | Recours contre le refus de l\u2019autorit\u00e9 intim\u00e9e d'admettre la d\u00e9duction pour personne \u00e0 charge que le contribuable a fait valoir en rapport avec son fr\u00e8re. N'est consid\u00e9r\u00e9e comme \u00e9tant dans le besoin que la personne qui, pour des motifs objectifs, eu \u00e9gard notamment \u00e0 sa sant\u00e9 physique ou psychique, n'est durablement pas en mesure d'exercer une activit\u00e9 lucrative qui lui permettrait de subvenir seule \u00e0 son entretien. Tel n'est pas le cas du fr\u00e8re du recourant. Si celui-ci se retrouve sans ressources en Suisse, c'est en raison d'un choix personnel, lui ayant fait pr\u00e9f\u00e9rer un pays \u00e9tranger \u00e0 son pays d\u2019origine pour faire ses \u00e9tudes, et non d'une incapacit\u00e9 physique ou psychique. Au demeurant, la l\u00e9gislation sur les \u00e9trangers pr\u00e9voit qu'un \u00e9tranger ne peut \u00eatre admis en vue d\u2019une formation ou d'une formation continue qu'\u00e0 condition notamment qu'il dispose des moyens financiers n\u00e9cessaires. Rejet du recours.\rPar arr\u00eat du 16 mars 2021 (cause 2C_565/2020) le Tribunal f\u00e9d\u00e9ral a rejet\u00e9 le recours d\u00e9pos\u00e9 par le recourant contre l'arr\u00eat cantonal."}], "ScrapyJob": "446973/40/2238", "Zeit UTC": "10.04.2026 21:26:42", "Checksum": "f94967506e5601c3a72c904d92895460"}