{"Signatur": "VD_TC_031", "Spider": "VD_Omni", "Sprache": "fr", "Datum": "2021-09-14", "HTML": {"Datei": "VD_Omni/VD_TC_031_FI-2021-0015_2021-09-14.html", "URL": "http://www.jurisprudence.vd.ch/scripts/nph-omniscgi.exe?OmnisPlatform=WINDOWS&WebServerUrl=&WebServerScript=/scripts/nph-omniscgi.exe&OmnisLibrary=JURISWEB&OmnisClass=rtFindinfoWebHtmlService&OmnisServer=7001&Parametername=WWW_V4&Schema=VD_TA_WEB&Source=search.fiw&Aufruf=getMarkupDocument&cSprache=FRE&nF30_KEY=180741&W10_KEY=10550255&nTrefferzeile=2&Template=search/standard/results/document.fiw", "Checksum": "d38befd2a22bc10f041427ff48229c45"}, "Scrapedate": "2023-01-01", "Num": ["FI.2021.0015"], "Kopfzeile": [{"Sprachen": ["fr", "de", "it"], "Text": "Vaud Tribunal cantonal Cour de droit administratif et public 14.09.2021 FI.2021.0015"}], "Meta": [{"Sprachen": ["de"], "Text": "Waadt  Cour de droit administratif et public"}, {"Sprachen": ["fr"], "Text": "Vaud Tribunal cantonal Cour de droit administratif et public"}, {"Sprachen": ["it"], "Text": "Vaud  Cour de droit administratif et public"}], "Abstract": [{"Sprachen": ["de", "fr", "it"], "Text": "A.________, B.________/Administration cantonale des imp\u00f4ts, Office d'imp\u00f4t des districts de Lausanne et Ouest lausannois | L'autorit\u00e9 fiscale du lieu de domicile des contribuables est li\u00e9e par l'agr\u00e9ment relatif au remboursement des d\u00e9penses professionnelles conc\u00e9d\u00e9 par l'autorit\u00e9 fiscale du si\u00e8ge de l'employeur. L'indemnit\u00e9 de remboursement de frais n'a pas \u00e0 \u00eatre prise en consid\u00e9ration pour la d\u00e9termination des frais d'acquisition du revenu de l'activit\u00e9 lucrative d\u00e9pendante. Il appartient pour le surplus au contribuable de prouver les frais effectifs revendiqu\u00e9s en d\u00e9duction du revenu imposable. Les recourants n'ont pas \u00e0 \u00eatre impos\u00e9 sur un revenu suppl\u00e9mentaire sur la part des frais pris en charge par l'employeur qui d\u00e9passe le montant de 3'000 fr. autoris\u00e9 par l'art. 26 LIFD, dans la mesure o\u00f9 l'indemnit\u00e9 touch\u00e9e est suppos\u00e9e n'\u00eatre li\u00e9e qu'\u00e0 des transports professionnels. Recours partiellement admis.\rRecours au TF rejet\u00e9 (arr\u00eat TF 2C_804/2021 du 14 octobre 2022)."}], "ScrapyJob": "446973/40/2238", "Zeit UTC": "10.04.2026 21:13:45", "Checksum": "1c379cd79b955c0268ed56678da610b7"}