{"Signatur": "VD_TC_031", "Spider": "VD_Omni", "Sprache": "fr", "Datum": "2022-12-12", "HTML": {"Datei": "VD_Omni/VD_TC_031_FI-2021-0115_2022-12-12.html", "URL": "http://www.jurisprudence.vd.ch/scripts/nph-omniscgi.exe?OmnisPlatform=WINDOWS&WebServerUrl=&WebServerScript=/scripts/nph-omniscgi.exe&OmnisLibrary=JURISWEB&OmnisClass=rtFindinfoWebHtmlService&OmnisServer=7001&Parametername=WWW_V4&Schema=VD_TA_WEB&Source=search.fiw&Aufruf=getMarkupDocument&cSprache=FRE&nF30_KEY=182018&W10_KEY=10550255&nTrefferzeile=48&Template=search/standard/results/document.fiw", "Checksum": "3035b557b90d2177fe968c7a262cb043"}, "Scrapedate": "2023-01-01", "Num": ["FI.2021.0115"], "Kopfzeile": [{"Sprachen": ["fr", "de", "it"], "Text": "Vaud Tribunal cantonal Cour de droit administratif et public 12.12.2022 FI.2021.0115"}], "Meta": [{"Sprachen": ["de"], "Text": "Waadt  Cour de droit administratif et public"}, {"Sprachen": ["fr"], "Text": "Vaud Tribunal cantonal Cour de droit administratif et public"}, {"Sprachen": ["it"], "Text": "Vaud  Cour de droit administratif et public"}], "Abstract": [{"Sprachen": ["de", "fr", "it"], "Text": "A.________ /Administration cantonale des imp\u00f4ts, Administration f\u00e9d\u00e9rale des contributions | Confirmation de la d\u00e9cision sur r\u00e9clamation de l'ACI, qui a consid\u00e9r\u00e9 \u00e0 juste titre que la recourante avait r\u00e9alis\u00e9 un b\u00e9n\u00e9fice commercial en capital provenant de l'exercice d'une activit\u00e9 lucrative ind\u00e9pendante lorsqu'elle a vendu l'immeuble dont elle a h\u00e9rit\u00e9 de son d\u00e9funt mari. L'immeuble en question, destin\u00e9 \u00e0 procurer un rendement locatif, avait \u00e9t\u00e9 acquis en 2007 par le mari de la recourante en soci\u00e9t\u00e9 simple avec deux associ\u00e9s, dont un architecte. L'op\u00e9ration a \u00e9t\u00e9 financ\u00e9e par un emprunt hypoth\u00e9caire de pr\u00e8s de 90% de la valeur de l'immeuble. Les associ\u00e9s avaient en outre acquis, en 2007 \u00e9galement, un autre immeuble locatif. Ces circonstances permettaient \u00e0 l'autorit\u00e9 de taxation de qualifier l'op\u00e9ration litigieuse de commerciale.\rRecours au TF rejet\u00e9 (9C_81/2023 du 18 septembre 2023)."}], "ScrapyJob": "446973/40/2238", "Zeit UTC": "10.04.2026 21:01:06", "Checksum": "3ac164139e05a32b945aba94db89dc08"}