{"Signatur": "VD_TC_031", "Spider": "VD_Omni", "Sprache": "fr", "Datum": "2022-08-30", "HTML": {"Datei": "VD_Omni/VD_TC_031_FI-2022-0021_2022-08-30.html", "URL": "http://www.jurisprudence.vd.ch/scripts/nph-omniscgi.exe?OmnisPlatform=WINDOWS&WebServerUrl=&WebServerScript=/scripts/nph-omniscgi.exe&OmnisLibrary=JURISWEB&OmnisClass=rtFindinfoWebHtmlService&OmnisServer=7001&Parametername=WWW_V4&Schema=VD_TA_WEB&Source=search.fiw&Aufruf=getMarkupDocument&cSprache=FRE&nF30_KEY=181746&W10_KEY=10550255&nTrefferzeile=14&Template=search/standard/results/document.fiw", "Checksum": "d8b4ce211b386501a7f36be027f69266"}, "Scrapedate": "2023-01-01", "Num": ["FI.2022.0021"], "Kopfzeile": [{"Sprachen": ["fr", "de", "it"], "Text": "Vaud Tribunal cantonal Cour de droit administratif et public 30.08.2022 FI.2022.0021"}], "Meta": [{"Sprachen": ["de"], "Text": "Waadt  Cour de droit administratif et public"}, {"Sprachen": ["fr"], "Text": "Vaud Tribunal cantonal Cour de droit administratif et public"}, {"Sprachen": ["it"], "Text": "Vaud  Cour de droit administratif et public"}], "Abstract": [{"Sprachen": ["de", "fr", "it"], "Text": "A.________/Administration cantonale des imp\u00f4ts, Administration f\u00e9d\u00e9rale des contributions | Le recourant, qui a revendiqu\u00e9 et obtenu la d\u00e9duction des pensions alimentaires vers\u00e9es \u00e0 sa femme et ses enfants, ne peut pas en plus se pr\u00e9valoir du partage du quotient familial (cf. art. 43 al. 2 let. a LI) , ni de la d\u00e9duction sociale pour enfant (cf. art. 35 al. 1 let. a LIFD). Il ne peut pas non plus obtenir la d\u00e9duction des frais d'entretien de sa famille pour la p\u00e9riode ant\u00e9rieure \u00e0 la s\u00e9paration effective (cf. art. 34 let. a LIFD et 38 let. a LI). Le syst\u00e8me l\u00e9gal, qui pr\u00e9voit qu'en cas de divorce ou de s\u00e9paration judiciaire ou effective les \u00e9poux sont impos\u00e9s s\u00e9par\u00e9ment pour l'ensemble de la p\u00e9riode fiscale (cf. art. 42 al. 2 LIFD et 80 al. 1 LI), ce qui peut \u00eatre d\u00e9favorable au contribuable selon la date \u00e0 laquelle la s\u00e9paration intervient, ne viole par ailleurs pas le principe de l'imposition selon la capacit\u00e9 contributive ni celui de l'\u00e9galit\u00e9 de traitement entre contribuables.\rRecours au TF irrecevable (arr\u00eat 2C_805/2022 du 6 octobre 2022)."}], "ScrapyJob": "446973/40/2238", "Zeit UTC": "10.04.2026 21:04:46", "Checksum": "a4ac68f2c091dd74e812717fcfb323f7"}