{"Signatur": "VD_TC_031", "Spider": "VD_Omni", "Sprache": "fr", "Datum": "2022-11-15", "HTML": {"Datei": "VD_Omni/VD_TC_031_FI-2022-0114_2022-11-15.html", "URL": "http://www.jurisprudence.vd.ch/scripts/nph-omniscgi.exe?OmnisPlatform=WINDOWS&WebServerUrl=&WebServerScript=/scripts/nph-omniscgi.exe&OmnisLibrary=JURISWEB&OmnisClass=rtFindinfoWebHtmlService&OmnisServer=7001&Parametername=WWW_V4&Schema=VD_TA_WEB&Source=search.fiw&Aufruf=getMarkupDocument&cSprache=FRE&nF30_KEY=181930&W10_KEY=10550255&nTrefferzeile=21&Template=search/standard/results/document.fiw", "Checksum": "772fa8a152274f83e3cddcd4b2971cf6"}, "Scrapedate": "2023-01-01", "Num": ["FI.2022.0114"], "Kopfzeile": [{"Sprachen": ["fr", "de", "it"], "Text": "Vaud Tribunal cantonal Cour de droit administratif et public 15.11.2022 FI.2022.0114"}], "Meta": [{"Sprachen": ["de"], "Text": "Waadt  Cour de droit administratif et public"}, {"Sprachen": ["fr"], "Text": "Vaud Tribunal cantonal Cour de droit administratif et public"}, {"Sprachen": ["it"], "Text": "Vaud  Cour de droit administratif et public"}], "Abstract": [{"Sprachen": ["de", "fr", "it"], "Text": "A.________/Administration cantonale des imp\u00f4ts, Administration f\u00e9d\u00e9rale des contributions | Question de savoir si la prescription du droit de percevoir l'imp\u00f4t (prescription de la cr\u00e9ance fiscale) est acquise. L'entr\u00e9e en force de la taxation, qui constitue le point de d\u00e9part du d\u00e9lai relatif de 5 ans, n'est pas affect\u00e9e par les proc\u00e9dures extraordinaires subs\u00e9quentes (demande en r\u00e9vision; demande de constat de nullit\u00e9). En l'occurrence, le d\u00e9lai a donc commenc\u00e9 \u00e0 courir lorsque la d\u00e9cision de taxation est entr\u00e9e en force, en 2012, et pas seulement en 2021, quand le Tribunal f\u00e9d\u00e9ral a statu\u00e9 de mani\u00e8re d\u00e9finitive sur la demande de constat de nullit\u00e9 de la taxation. Le d\u00e9lai de 5 ans a \u00e9t\u00e9 interrompu \u00e0 plusieurs reprises, notamment par la notification du bordereau servant \u00e0 la perception de l'imp\u00f4t, de sorte qu'il n'est pas \u00e9chu \u00e0 la date du pr\u00e9sent arr\u00eat. Rejet du recours."}], "ScrapyJob": "446973/40/2238", "Zeit UTC": "10.04.2026 21:02:39", "Checksum": "e6eeddcf2c0ed180ee5e79f763c0dbee"}