{"Signatur": "VD_TC_031", "Spider": "VD_Omni", "Sprache": "fr", "Datum": "2023-06-01", "HTML": {"Datei": "VD_Omni/VD_TC_031_FI-2022-0151_2023-06-01.html", "URL": "http://www.jurisprudence.vd.ch/scripts/nph-omniscgi.exe?OmnisPlatform=WINDOWS&WebServerUrl=&WebServerScript=/scripts/nph-omniscgi.exe&OmnisLibrary=JURISWEB&OmnisClass=rtFindinfoWebHtmlService&OmnisServer=7001&Parametername=WWW_V4&Schema=VD_TA_WEB&Source=search.fiw&Aufruf=getMarkupDocument&cSprache=FRE&nF30_KEY=182543&W10_KEY=10550255&nTrefferzeile=31&Template=search/standard/results/document.fiw", "Checksum": "24381f222b36850647892e54a0ee74e3"}, "Scrapedate": "2023-01-01", "Num": ["FI.2022.0151"], "Kopfzeile": [{"Sprachen": ["fr", "de", "it"], "Text": "Vaud Tribunal cantonal Cour de droit administratif et public 01.06.2023 FI.2022.0151"}], "Meta": [{"Sprachen": ["de"], "Text": "Waadt  Cour de droit administratif et public"}, {"Sprachen": ["fr"], "Text": "Vaud Tribunal cantonal Cour de droit administratif et public"}, {"Sprachen": ["it"], "Text": "Vaud  Cour de droit administratif et public"}], "Abstract": [{"Sprachen": ["de", "fr", "it"], "Text": "A.________, B.________/Administration cantonale des imp\u00f4ts, Administration f\u00e9d\u00e9rale des contributions | Imposition d'un contribuable personne physique qui arrive en Suisse en cours de p\u00e9riode fiscale alors qu'il d\u00e9tenait d\u00e9j\u00e0 un immeuble. Question de savoir si cette arriv\u00e9e doit \u00eatre assimil\u00e9e \u00e0 un d\u00e9but d'assujettissement en Suisse ou si, compte tenu de ce que le contribuable d\u00e9tenait d\u00e9j\u00e0 un immeuble en Suisse, il n'y a pas de d\u00e9but d'assujettissement. Port\u00e9e de cette distinction: savoir si l'art. 40 al. 3 LIFD selon lequel les revenus p\u00e9riodiques doivent \u00eatre annulis\u00e9s, est applicable. En r\u00e9sum\u00e9, le syst\u00e8me d'unit\u00e9 de la p\u00e9riode fiscale, appliqu\u00e9 en l'esp\u00e8ce par le canton de Vaud, s'il n'appara\u00eet pas comme optimal au regard d'autres syst\u00e8mes, comme le rel\u00e8ve la doctrine, n'est cependant pas contraire au cadre l\u00e9gal r\u00e9gissant le d\u00e9but et la fin de l'assujettissement en Suisse, ni \u00e0 la jurisprudence rendue \u00e0 ce jour par le Tribunal f\u00e9d\u00e9ral. Recours rejet\u00e9."}], "ScrapyJob": "446973/40/2238", "Zeit UTC": "10.04.2026 20:55:45", "Checksum": "c3ae3ea4f727bb9135262df77227c9b1"}