{"Signatur": "VD_TC_031", "Spider": "VD_Omni", "Sprache": "fr", "Datum": "2024-03-11", "HTML": {"Datei": "VD_Omni/VD_TC_031_FI-2023-0057_2024-03-11.html", "URL": "http://www.jurisprudence.vd.ch/scripts/nph-omniscgi.exe?OmnisPlatform=WINDOWS&WebServerUrl=&WebServerScript=/scripts/nph-omniscgi.exe&OmnisLibrary=JURISWEB&OmnisClass=rtFindinfoWebHtmlService&OmnisServer=7001&Parametername=WWW_V4&Schema=VD_TA_WEB&Source=search.fiw&Aufruf=getMarkupDocument&cSprache=FRE&nF30_KEY=183638&W10_KEY=10550255&nTrefferzeile=3&Template=search/standard/results/document.fiw", "Checksum": "391c2c9871ca35505887d67c856e1465"}, "Scrapedate": "2023-01-01", "Num": ["FI.2023.0057"], "Kopfzeile": [{"Sprachen": ["fr", "de", "it"], "Text": "Vaud Tribunal cantonal Cour de droit administratif et public 11.03.2024 FI.2023.0057"}], "Meta": [{"Sprachen": ["de"], "Text": "Waadt  Cour de droit administratif et public"}, {"Sprachen": ["fr"], "Text": "Vaud Tribunal cantonal Cour de droit administratif et public"}, {"Sprachen": ["it"], "Text": "Vaud  Cour de droit administratif et public"}], "Abstract": [{"Sprachen": ["de", "fr", "it"], "Text": "A.________/Service de la s\u00e9curit\u00e9 civile et militaire, Administration f\u00e9d\u00e9rale des contributions | Citoyen naturalis\u00e9 en 2014 \u00e0 l'\u00e2ge de 23 ans. Confirmation de son assujettisement \u00e0 la taxe d'exemption de l'obligation de servir pour les ann\u00e9es 2015 \u00e0 2018. Les motifs qui ont conduit \u00e0 l'absence d'incorporation dans une formation de l'arm\u00e9e ou d'astreinte au service civil ne sont pas d\u00e9terminants sous l'angle de l'art. 2 al. 1 let. a LTEO. Pas de violation non plus du principe de l'\u00e9galit\u00e9 de traitement. Recours rejet\u00e9.\rRecours au TF rejet\u00e9 (arr\u00eat 9C_232/2024 du 24 octobre 2024)."}], "ScrapyJob": "446973/40/2238", "Zeit UTC": "10.04.2026 20:47:43", "Checksum": "f5cdb26af1aec78831aa79b72e9d07f4"}