{"Signatur": "VD_TC_031", "Spider": "VD_Omni", "Sprache": "fr", "Datum": "2025-01-28", "HTML": {"Datei": "VD_Omni/VD_TC_031_FI-2024-0031_2025-01-28.html", "URL": "http://www.jurisprudence.vd.ch/scripts/nph-omniscgi.exe?OmnisPlatform=WINDOWS&WebServerUrl=&WebServerScript=/scripts/nph-omniscgi.exe&OmnisLibrary=JURISWEB&OmnisClass=rtFindinfoWebHtmlService&OmnisServer=7001&Parametername=WWW_V4&Schema=VD_TA_WEB&Source=search.fiw&Aufruf=getMarkupDocument&cSprache=FRE&nF30_KEY=184652&W10_KEY=10594047&nTrefferzeile=40&Template=search/standard/results/document.fiw", "Checksum": "52886d91db2325b019cf5973b60f97cb"}, "Scrapedate": "2023-01-01", "Num": ["FI.2024.0031"], "Kopfzeile": [{"Sprachen": ["fr", "de", "it"], "Text": "Vaud Tribunal cantonal Cour de droit administratif et public 28.01.2025 FI.2024.0031"}], "Meta": [{"Sprachen": ["de"], "Text": "Waadt  Cour de droit administratif et public"}, {"Sprachen": ["fr"], "Text": "Vaud Tribunal cantonal Cour de droit administratif et public"}, {"Sprachen": ["it"], "Text": "Vaud  Cour de droit administratif et public"}], "Abstract": [{"Sprachen": ["de", "fr", "it"], "Text": "A.________/Administration cantonale des imp\u00f4ts, Administration f\u00e9d\u00e9rale des contributions | Les frais effectifs correspondant au loyer annuel de la place de parc du recourant que celui-ci a requis comme d\u00e9duction \u00e0 titre d'autres frais professionnels sont d\u00e9j\u00e0 pris en compte dans l'indemnit\u00e9 kilom\u00e9trique de 0 fr. 70 dans les frais de d\u00e9placement. A juste titre, l'autorit\u00e9 intim\u00e9e a tenu compte des frais de d\u00e9placement sur une p\u00e9riode de 210 jours, le recourant ayant effectu\u00e9 30 jours de t\u00e9l\u00e9travail durant l'ann\u00e9e. En outre, la d\u00e9duction pour \"autres frais professionnels\" peut \u00eatre revendiqu\u00e9e alternativement en d\u00e9duction forfaitaire ou frais effectifs plus \u00e9lev\u00e9s s'ils sont justifi\u00e9es, mais pas les deux simultan\u00e9ment comme l'a fait le recourant. (consid. 3)\rAucune in\u00e9galit\u00e9 de traitement ne peut \u00eatre retenue entre les contribuables vaudois et neuch\u00e2telois s'agissant des d\u00e9ductions li\u00e9es au t\u00e9l\u00e9travail. L'autonomie cantonale en mati\u00e8re fiscale a pour cons\u00e9quence que chaque canton dispose de sa propre loi fiscale, laquelle ne peut lier juridiquement un autre canton. Le recourant ne peut donc se pr\u00e9valoir de l'application \u00e0 sa situation du forfait li\u00e9 au t\u00e9l\u00e9travail \u00e0 titre d'autres frais professionnels admis par l'administration fiscale neuch\u00e2teloise. (consid. 4)\rRejet du recours.\r"}], "ScrapyJob": "446973/40/2254", "Zeit UTC": "26.04.2026 01:34:28", "Checksum": "ee4fd9a77d4828f0c09fec019f629592"}